{"id":312,"date":"2025-08-01T11:25:54","date_gmt":"2025-08-01T11:25:54","guid":{"rendered":"https:\/\/anne-barthelmess.de\/wordpress\/?p=312"},"modified":"2025-08-02T08:46:24","modified_gmt":"2025-08-02T08:46:24","slug":"magische-momente","status":"publish","type":"post","link":"https:\/\/anne-barthelmess.de\/index.php\/2025\/08\/01\/magische-momente\/","title":{"rendered":"Magische Momente"},"content":{"rendered":"<div  class='flex_column av-1mthq-a2ea3a2eb3ea81cd7da354cce7e323f9 av_one_third  avia-builder-el-0  el_before_av_two_third  avia-builder-el-first  first flex_column_div  '     ><style type=\"text\/css\" data-created_by=\"avia_inline_auto\" id=\"style-css-av-mdsq78fp-b2fb245e76ace4589300d2eb4f3c10d6\">\n.avia-image-container.av-mdsq78fp-b2fb245e76ace4589300d2eb4f3c10d6 img.avia_image{\nbox-shadow:none;\n}\n.avia-image-container.av-mdsq78fp-b2fb245e76ace4589300d2eb4f3c10d6 .av-image-caption-overlay-center{\ncolor:#ffffff;\n}\n<\/style>\n<div  class='avia-image-container av-mdsq78fp-b2fb245e76ace4589300d2eb4f3c10d6 av-styling- avia-align-center  avia-builder-el-1  avia-builder-el-no-sibling '   itemprop=\"image\" itemscope=\"itemscope\" itemtype=\"https:\/\/schema.org\/ImageObject\" ><div class=\"avia-image-container-inner\"><div class=\"avia-image-overlay-wrap\"><img decoding=\"async\" fetchpriority=\"high\" class='wp-image-291 avia-img-lazy-loading-not-291 avia_image ' src=\"https:\/\/anne-barthelmess.de\/wp-content\/uploads\/2025\/07\/Feldenkrais-blog_3_2023-Magische-Momente.jpeg\" alt='Feldenkrais Blog - Magische Momente' title='Feldenkrais-blog_3_2023-Magische Momente'  height=\"480\" width=\"640\"  itemprop=\"thumbnailUrl\" srcset=\"https:\/\/anne-barthelmess.de\/wp-content\/uploads\/2025\/07\/Feldenkrais-blog_3_2023-Magische-Momente.jpeg 640w, https:\/\/anne-barthelmess.de\/wp-content\/uploads\/2025\/07\/Feldenkrais-blog_3_2023-Magische-Momente-300x225.jpeg 300w\" sizes=\"(max-width: 640px) 100vw, 640px\" \/><\/div><\/div><\/div><\/div><div  class='flex_column av-151zi-662d9ba55c7a356d46f431feb114c6c4 av_two_third  avia-builder-el-2  el_after_av_one_third  avia-builder-el-last  flex_column_div  '     ><section  class='av_textblock_section av-md7av5kw-c0865d3869ad1166765f4af5b17364bb '   itemscope=\"itemscope\" itemtype=\"https:\/\/schema.org\/BlogPosting\" itemprop=\"blogPost\" ><div class='avia_textblock'  itemprop=\"text\" ><h1>Magische Momente<\/h1>\n<p><span style=\"font-size: 12pt;\">in der blauen Stunde des Abends, die manchmal auch rosa und lila ist; wenn die Stille der Nacht vom L\u00e4rmen der V\u00f6gel bedr\u00e4ngt wird; die ersten Sonnenstrahlen auf der Haut nach einem langen Winter; satte, laue Sommerabende, die das Ende des Sommers ahnen lassen; wenn mich die feuchte Erde des Herbstes im Wald empf\u00e4ngt, der sich nach einem Sommerregen ganz anders anf\u00fchlt; es zum ersten Mal im Jahr wieder nach Schnee duftet oder der Duft von frischem Brot.<\/span><\/p>\n<p><span style=\"font-size: 12pt;\">Das Tosen einer Gro\u00dfstadt, egal wo auf der Welt; wenn mich ein Geschmack auf der Zunge verbl\u00fcfft oder ein Klang oder Wort ber\u00fchrt; ich Seeluft rieche; Sand zwischen nackten Zehen rieseln lasse; Seele sehe; ein L\u00e4cheln entdecke; Hund und Katz ber\u00fchre; Kaffeebohnen riechen und durch meine Finger gleiten lassen; ein L\u00f6ffel frischer Marmelade im Mund. Wenn pl\u00f6tzlich etwas geht, was vorher nicht ging; ich die Formationen von Schw\u00e4rmen bestaune, den Tanz der B\u00e4ume im Wind oder winkende Bl\u00e4tter.<\/span><\/p>\n<p><span style=\"font-size: 12pt;\">Freundin wieder sehen; schnurrende Katze im Scho\u00df; in Babyaugen blicken; wohlwollend N\u00e4he sp\u00fcren; gesehen werden ohne Arg; das Gewicht eines Steins in meiner Hand; wenn alles laut ist und in mir ist es still; wenn ich des Zwischenraums gewahr werde und ihn ausdehnen m\u00f6chte, was mir nur gelingt, wenn ich es sein lasse. In einen Augenblick sinken, die Nase in den Wind der Erinnerungen halten, schnuppern, was da gerade vorbei wehen mag, da sein.<\/span><\/p>\n<\/div><\/section><\/div><\/p>\n","protected":false},"excerpt":{"rendered":"","protected":false},"author":1,"featured_media":291,"comment_status":"open","ping_status":"open","sticky":false,"template":"","format":"standard","meta":{"footnotes":""},"categories":[8,1],"tags":[15,6,14],"class_list":["post-312","post","type-post","status-publish","format-standard","has-post-thumbnail","hentry","category-feldenkrais","category-uncategorized","tag-feldenkrais","tag-gedanken","tag-momente"],"yoast_head":"<!-- This site is optimized with the Yoast SEO plugin v26.5 - https:\/\/yoast.com\/wordpress\/plugins\/seo\/ -->\n<title>Magische Momente - Anne Barthelme\u00df<\/title>\n<meta name=\"robots\" content=\"index, follow, max-snippet:-1, max-image-preview:large, max-video-preview:-1\" \/>\n<link rel=\"canonical\" href=\"https:\/\/anne-barthelmess.de\/index.php\/2025\/08\/01\/magische-momente\/\" \/>\n<meta property=\"og:locale\" content=\"de_DE\" \/>\n<meta property=\"og:type\" content=\"article\" \/>\n<meta property=\"og:title\" content=\"Magische Momente - Anne Barthelme\u00df\" \/>\n<meta property=\"og:url\" content=\"https:\/\/anne-barthelmess.de\/index.php\/2025\/08\/01\/magische-momente\/\" \/>\n<meta property=\"og:site_name\" content=\"Anne Barthelme\u00df\" \/>\n<meta property=\"article:published_time\" content=\"2025-08-01T11:25:54+00:00\" \/>\n<meta property=\"article:modified_time\" content=\"2025-08-02T08:46:24+00:00\" \/>\n<meta property=\"og:image\" content=\"https:\/\/anne-barthelmess.de\/wp-content\/uploads\/2025\/07\/Feldenkrais-blog_3_2023-Magische-Momente.jpeg\" \/>\n\t<meta property=\"og:image:width\" content=\"640\" \/>\n\t<meta property=\"og:image:height\" content=\"480\" \/>\n\t<meta property=\"og:image:type\" content=\"image\/jpeg\" \/>\n<meta name=\"author\" content=\"admin\" \/>\n<meta name=\"twitter:card\" content=\"summary_large_image\" \/>\n<meta name=\"twitter:label1\" content=\"Verfasst von\" \/>\n\t<meta name=\"twitter:data1\" content=\"admin\" \/>\n\t<meta name=\"twitter:label2\" content=\"Gesch\u00e4tzte Lesezeit\" \/>\n\t<meta name=\"twitter:data2\" content=\"8\u00a0Minuten\" \/>\n<script type=\"application\/ld+json\" class=\"yoast-schema-graph\">{\"@context\":\"https:\/\/schema.org\",\"@graph\":[{\"@type\":\"Article\",\"@id\":\"https:\/\/anne-barthelmess.de\/index.php\/2025\/08\/01\/magische-momente\/#article\",\"isPartOf\":{\"@id\":\"https:\/\/anne-barthelmess.de\/index.php\/2025\/08\/01\/magische-momente\/\"},\"author\":{\"name\":\"admin\",\"@id\":\"https:\/\/anne-barthelmess.de\/#\/schema\/person\/b0108bfd55dfd6a45f19d6755e1c76d5\"},\"headline\":\"Magische Momente\",\"datePublished\":\"2025-08-01T11:25:54+00:00\",\"dateModified\":\"2025-08-02T08:46:24+00:00\",\"mainEntityOfPage\":{\"@id\":\"https:\/\/anne-barthelmess.de\/index.php\/2025\/08\/01\/magische-momente\/\"},\"wordCount\":1247,\"commentCount\":0,\"publisher\":{\"@id\":\"https:\/\/anne-barthelmess.de\/#\/schema\/person\/b0108bfd55dfd6a45f19d6755e1c76d5\"},\"image\":{\"@id\":\"https:\/\/anne-barthelmess.de\/index.php\/2025\/08\/01\/magische-momente\/#primaryimage\"},\"thumbnailUrl\":\"https:\/\/anne-barthelmess.de\/wp-content\/uploads\/2025\/07\/Feldenkrais-blog_3_2023-Magische-Momente.jpeg\",\"keywords\":[\"feldenkrais\",\"Gedanken\",\"Momente\"],\"articleSection\":[\"Feldenkrais\",\"Gedanken\"],\"inLanguage\":\"de\",\"potentialAction\":[{\"@type\":\"CommentAction\",\"name\":\"Comment\",\"target\":[\"https:\/\/anne-barthelmess.de\/index.php\/2025\/08\/01\/magische-momente\/#respond\"]}]},{\"@type\":\"WebPage\",\"@id\":\"https:\/\/anne-barthelmess.de\/index.php\/2025\/08\/01\/magische-momente\/\",\"url\":\"https:\/\/anne-barthelmess.de\/index.php\/2025\/08\/01\/magische-momente\/\",\"name\":\"Magische Momente - Anne Barthelme\u00df\",\"isPartOf\":{\"@id\":\"https:\/\/anne-barthelmess.de\/#website\"},\"primaryImageOfPage\":{\"@id\":\"https:\/\/anne-barthelmess.de\/index.php\/2025\/08\/01\/magische-momente\/#primaryimage\"},\"image\":{\"@id\":\"https:\/\/anne-barthelmess.de\/index.php\/2025\/08\/01\/magische-momente\/#primaryimage\"},\"thumbnailUrl\":\"https:\/\/anne-barthelmess.de\/wp-content\/uploads\/2025\/07\/Feldenkrais-blog_3_2023-Magische-Momente.jpeg\",\"datePublished\":\"2025-08-01T11:25:54+00:00\",\"dateModified\":\"2025-08-02T08:46:24+00:00\",\"breadcrumb\":{\"@id\":\"https:\/\/anne-barthelmess.de\/index.php\/2025\/08\/01\/magische-momente\/#breadcrumb\"},\"inLanguage\":\"de\",\"potentialAction\":[{\"@type\":\"ReadAction\",\"target\":[\"https:\/\/anne-barthelmess.de\/index.php\/2025\/08\/01\/magische-momente\/\"]}]},{\"@type\":\"ImageObject\",\"inLanguage\":\"de\",\"@id\":\"https:\/\/anne-barthelmess.de\/index.php\/2025\/08\/01\/magische-momente\/#primaryimage\",\"url\":\"https:\/\/anne-barthelmess.de\/wp-content\/uploads\/2025\/07\/Feldenkrais-blog_3_2023-Magische-Momente.jpeg\",\"contentUrl\":\"https:\/\/anne-barthelmess.de\/wp-content\/uploads\/2025\/07\/Feldenkrais-blog_3_2023-Magische-Momente.jpeg\",\"width\":640,\"height\":480,\"caption\":\"Feldenkrais Blog - Magische Momente\"},{\"@type\":\"BreadcrumbList\",\"@id\":\"https:\/\/anne-barthelmess.de\/index.php\/2025\/08\/01\/magische-momente\/#breadcrumb\",\"itemListElement\":[{\"@type\":\"ListItem\",\"position\":1,\"name\":\"Startseite\",\"item\":\"https:\/\/anne-barthelmess.de\/index.php\/startseite\/\"},{\"@type\":\"ListItem\",\"position\":2,\"name\":\"Magische Momente\"}]},{\"@type\":\"WebSite\",\"@id\":\"https:\/\/anne-barthelmess.de\/#website\",\"url\":\"https:\/\/anne-barthelmess.de\/\",\"name\":\"Anne Barthelme\u00df\",\"description\":\"Feldenkrais als Einzelstunde und Gruppenstunde in Berlin Charlottenburg\",\"publisher\":{\"@id\":\"https:\/\/anne-barthelmess.de\/#\/schema\/person\/b0108bfd55dfd6a45f19d6755e1c76d5\"},\"potentialAction\":[{\"@type\":\"SearchAction\",\"target\":{\"@type\":\"EntryPoint\",\"urlTemplate\":\"https:\/\/anne-barthelmess.de\/?s={search_term_string}\"},\"query-input\":{\"@type\":\"PropertyValueSpecification\",\"valueRequired\":true,\"valueName\":\"search_term_string\"}}],\"inLanguage\":\"de\"},{\"@type\":[\"Person\",\"Organization\"],\"@id\":\"https:\/\/anne-barthelmess.de\/#\/schema\/person\/b0108bfd55dfd6a45f19d6755e1c76d5\",\"name\":\"admin\",\"image\":{\"@type\":\"ImageObject\",\"inLanguage\":\"de\",\"@id\":\"https:\/\/anne-barthelmess.de\/#\/schema\/person\/image\/\",\"url\":\"https:\/\/anne-barthelmess.de\/wordpress\/wp-content\/uploads\/2025\/06\/cropped-anne_thumb.jpg\",\"contentUrl\":\"https:\/\/anne-barthelmess.de\/wordpress\/wp-content\/uploads\/2025\/06\/cropped-anne_thumb.jpg\",\"width\":67,\"height\":72,\"caption\":\"admin\"},\"logo\":{\"@id\":\"https:\/\/anne-barthelmess.de\/#\/schema\/person\/image\/\"},\"sameAs\":[\"https:\/\/anne-barthelmess.de\/wordpress\"],\"url\":\"https:\/\/anne-barthelmess.de\/index.php\/author\/anne_xpkuuzij\/\"}]}<\/script>\n<!-- \/ Yoast SEO plugin. -->","yoast_head_json":{"title":"Magische Momente - Anne Barthelme\u00df","robots":{"index":"index","follow":"follow","max-snippet":"max-snippet:-1","max-image-preview":"max-image-preview:large","max-video-preview":"max-video-preview:-1"},"canonical":"https:\/\/anne-barthelmess.de\/index.php\/2025\/08\/01\/magische-momente\/","og_locale":"de_DE","og_type":"article","og_title":"Magische Momente - Anne Barthelme\u00df","og_url":"https:\/\/anne-barthelmess.de\/index.php\/2025\/08\/01\/magische-momente\/","og_site_name":"Anne Barthelme\u00df","article_published_time":"2025-08-01T11:25:54+00:00","article_modified_time":"2025-08-02T08:46:24+00:00","og_image":[{"width":640,"height":480,"url":"https:\/\/anne-barthelmess.de\/wp-content\/uploads\/2025\/07\/Feldenkrais-blog_3_2023-Magische-Momente.jpeg","type":"image\/jpeg"}],"author":"admin","twitter_card":"summary_large_image","twitter_misc":{"Verfasst von":"admin","Gesch\u00e4tzte Lesezeit":"8\u00a0Minuten"},"schema":{"@context":"https:\/\/schema.org","@graph":[{"@type":"Article","@id":"https:\/\/anne-barthelmess.de\/index.php\/2025\/08\/01\/magische-momente\/#article","isPartOf":{"@id":"https:\/\/anne-barthelmess.de\/index.php\/2025\/08\/01\/magische-momente\/"},"author":{"name":"admin","@id":"https:\/\/anne-barthelmess.de\/#\/schema\/person\/b0108bfd55dfd6a45f19d6755e1c76d5"},"headline":"Magische Momente","datePublished":"2025-08-01T11:25:54+00:00","dateModified":"2025-08-02T08:46:24+00:00","mainEntityOfPage":{"@id":"https:\/\/anne-barthelmess.de\/index.php\/2025\/08\/01\/magische-momente\/"},"wordCount":1247,"commentCount":0,"publisher":{"@id":"https:\/\/anne-barthelmess.de\/#\/schema\/person\/b0108bfd55dfd6a45f19d6755e1c76d5"},"image":{"@id":"https:\/\/anne-barthelmess.de\/index.php\/2025\/08\/01\/magische-momente\/#primaryimage"},"thumbnailUrl":"https:\/\/anne-barthelmess.de\/wp-content\/uploads\/2025\/07\/Feldenkrais-blog_3_2023-Magische-Momente.jpeg","keywords":["feldenkrais","Gedanken","Momente"],"articleSection":["Feldenkrais","Gedanken"],"inLanguage":"de","potentialAction":[{"@type":"CommentAction","name":"Comment","target":["https:\/\/anne-barthelmess.de\/index.php\/2025\/08\/01\/magische-momente\/#respond"]}]},{"@type":"WebPage","@id":"https:\/\/anne-barthelmess.de\/index.php\/2025\/08\/01\/magische-momente\/","url":"https:\/\/anne-barthelmess.de\/index.php\/2025\/08\/01\/magische-momente\/","name":"Magische Momente - Anne Barthelme\u00df","isPartOf":{"@id":"https:\/\/anne-barthelmess.de\/#website"},"primaryImageOfPage":{"@id":"https:\/\/anne-barthelmess.de\/index.php\/2025\/08\/01\/magische-momente\/#primaryimage"},"image":{"@id":"https:\/\/anne-barthelmess.de\/index.php\/2025\/08\/01\/magische-momente\/#primaryimage"},"thumbnailUrl":"https:\/\/anne-barthelmess.de\/wp-content\/uploads\/2025\/07\/Feldenkrais-blog_3_2023-Magische-Momente.jpeg","datePublished":"2025-08-01T11:25:54+00:00","dateModified":"2025-08-02T08:46:24+00:00","breadcrumb":{"@id":"https:\/\/anne-barthelmess.de\/index.php\/2025\/08\/01\/magische-momente\/#breadcrumb"},"inLanguage":"de","potentialAction":[{"@type":"ReadAction","target":["https:\/\/anne-barthelmess.de\/index.php\/2025\/08\/01\/magische-momente\/"]}]},{"@type":"ImageObject","inLanguage":"de","@id":"https:\/\/anne-barthelmess.de\/index.php\/2025\/08\/01\/magische-momente\/#primaryimage","url":"https:\/\/anne-barthelmess.de\/wp-content\/uploads\/2025\/07\/Feldenkrais-blog_3_2023-Magische-Momente.jpeg","contentUrl":"https:\/\/anne-barthelmess.de\/wp-content\/uploads\/2025\/07\/Feldenkrais-blog_3_2023-Magische-Momente.jpeg","width":640,"height":480,"caption":"Feldenkrais Blog - Magische Momente"},{"@type":"BreadcrumbList","@id":"https:\/\/anne-barthelmess.de\/index.php\/2025\/08\/01\/magische-momente\/#breadcrumb","itemListElement":[{"@type":"ListItem","position":1,"name":"Startseite","item":"https:\/\/anne-barthelmess.de\/index.php\/startseite\/"},{"@type":"ListItem","position":2,"name":"Magische Momente"}]},{"@type":"WebSite","@id":"https:\/\/anne-barthelmess.de\/#website","url":"https:\/\/anne-barthelmess.de\/","name":"Anne Barthelme\u00df","description":"Feldenkrais als Einzelstunde und Gruppenstunde in Berlin Charlottenburg","publisher":{"@id":"https:\/\/anne-barthelmess.de\/#\/schema\/person\/b0108bfd55dfd6a45f19d6755e1c76d5"},"potentialAction":[{"@type":"SearchAction","target":{"@type":"EntryPoint","urlTemplate":"https:\/\/anne-barthelmess.de\/?s={search_term_string}"},"query-input":{"@type":"PropertyValueSpecification","valueRequired":true,"valueName":"search_term_string"}}],"inLanguage":"de"},{"@type":["Person","Organization"],"@id":"https:\/\/anne-barthelmess.de\/#\/schema\/person\/b0108bfd55dfd6a45f19d6755e1c76d5","name":"admin","image":{"@type":"ImageObject","inLanguage":"de","@id":"https:\/\/anne-barthelmess.de\/#\/schema\/person\/image\/","url":"https:\/\/anne-barthelmess.de\/wordpress\/wp-content\/uploads\/2025\/06\/cropped-anne_thumb.jpg","contentUrl":"https:\/\/anne-barthelmess.de\/wordpress\/wp-content\/uploads\/2025\/06\/cropped-anne_thumb.jpg","width":67,"height":72,"caption":"admin"},"logo":{"@id":"https:\/\/anne-barthelmess.de\/#\/schema\/person\/image\/"},"sameAs":["https:\/\/anne-barthelmess.de\/wordpress"],"url":"https:\/\/anne-barthelmess.de\/index.php\/author\/anne_xpkuuzij\/"}]}},"_links":{"self":[{"href":"https:\/\/anne-barthelmess.de\/index.php\/wp-json\/wp\/v2\/posts\/312","targetHints":{"allow":["GET"]}}],"collection":[{"href":"https:\/\/anne-barthelmess.de\/index.php\/wp-json\/wp\/v2\/posts"}],"about":[{"href":"https:\/\/anne-barthelmess.de\/index.php\/wp-json\/wp\/v2\/types\/post"}],"author":[{"embeddable":true,"href":"https:\/\/anne-barthelmess.de\/index.php\/wp-json\/wp\/v2\/users\/1"}],"replies":[{"embeddable":true,"href":"https:\/\/anne-barthelmess.de\/index.php\/wp-json\/wp\/v2\/comments?post=312"}],"version-history":[{"count":2,"href":"https:\/\/anne-barthelmess.de\/index.php\/wp-json\/wp\/v2\/posts\/312\/revisions"}],"predecessor-version":[{"id":331,"href":"https:\/\/anne-barthelmess.de\/index.php\/wp-json\/wp\/v2\/posts\/312\/revisions\/331"}],"wp:featuredmedia":[{"embeddable":true,"href":"https:\/\/anne-barthelmess.de\/index.php\/wp-json\/wp\/v2\/media\/291"}],"wp:attachment":[{"href":"https:\/\/anne-barthelmess.de\/index.php\/wp-json\/wp\/v2\/media?parent=312"}],"wp:term":[{"taxonomy":"category","embeddable":true,"href":"https:\/\/anne-barthelmess.de\/index.php\/wp-json\/wp\/v2\/categories?post=312"},{"taxonomy":"post_tag","embeddable":true,"href":"https:\/\/anne-barthelmess.de\/index.php\/wp-json\/wp\/v2\/tags?post=312"}],"curies":[{"name":"wp","href":"https:\/\/api.w.org\/{rel}","templated":true}]}}