{"id":325,"date":"2025-08-02T08:41:42","date_gmt":"2025-08-02T08:41:42","guid":{"rendered":"https:\/\/anne-barthelmess.de\/wordpress\/?p=325"},"modified":"2025-08-02T08:45:33","modified_gmt":"2025-08-02T08:45:33","slug":"herbst","status":"publish","type":"post","link":"https:\/\/anne-barthelmess.de\/index.php\/2025\/08\/02\/herbst\/","title":{"rendered":"Herbst"},"content":{"rendered":"<div  class='flex_column av-1mthq-a2ea3a2eb3ea81cd7da354cce7e323f9 av_one_third  avia-builder-el-0  el_before_av_two_third  avia-builder-el-first  first flex_column_div  '     ><style type=\"text\/css\" data-created_by=\"avia_inline_auto\" id=\"style-css-av-mdsq78fp-524b00b02e8f4cf28c2dd81883f6ac1c\">\n.avia-image-container.av-mdsq78fp-524b00b02e8f4cf28c2dd81883f6ac1c img.avia_image{\nbox-shadow:none;\n}\n.avia-image-container.av-mdsq78fp-524b00b02e8f4cf28c2dd81883f6ac1c .av-image-caption-overlay-center{\ncolor:#ffffff;\n}\n<\/style>\n<div  class='avia-image-container av-mdsq78fp-524b00b02e8f4cf28c2dd81883f6ac1c av-styling- avia-align-center  avia-builder-el-1  avia-builder-el-no-sibling '   itemprop=\"image\" itemscope=\"itemscope\" itemtype=\"https:\/\/schema.org\/ImageObject\" ><div class=\"avia-image-container-inner\"><div class=\"avia-image-overlay-wrap\"><img decoding=\"async\" fetchpriority=\"high\" class='wp-image-297 avia-img-lazy-loading-not-297 avia_image ' src=\"https:\/\/anne-barthelmess.de\/wp-content\/uploads\/2025\/07\/Feldenkrais-blog_5_2023-Herbst.jpeg\" alt='Feldenkrais Blog - Herbst' title='Feldenkrais-blog_5_2023 - Herbst'  height=\"480\" width=\"640\"  itemprop=\"thumbnailUrl\" srcset=\"https:\/\/anne-barthelmess.de\/wp-content\/uploads\/2025\/07\/Feldenkrais-blog_5_2023-Herbst.jpeg 640w, https:\/\/anne-barthelmess.de\/wp-content\/uploads\/2025\/07\/Feldenkrais-blog_5_2023-Herbst-300x225.jpeg 300w\" sizes=\"(max-width: 640px) 100vw, 640px\" \/><\/div><\/div><\/div><\/div><div  class='flex_column av-151zi-662d9ba55c7a356d46f431feb114c6c4 av_two_third  avia-builder-el-2  el_after_av_one_third  avia-builder-el-last  flex_column_div  '     ><section  class='av_textblock_section av-md7av5kw-c0865d3869ad1166765f4af5b17364bb '   itemscope=\"itemscope\" itemtype=\"https:\/\/schema.org\/BlogPosting\" itemprop=\"blogPost\" ><div class='avia_textblock'  itemprop=\"text\" ><h1>Herbst<\/h1>\n<p><span style=\"font-size: 12pt;\">Es duftet nach Herbst, tief, erdig, ein bisschen klamm und geheimnisvoll, nach frischem Wind und Einkehr, Innehalten und Gewahr werden. Ich bin nun gerne mit mir, mit mir im Wald, mit mir in Gedanken, mit mir versunken in Betrachtungen, mit mir in einen Dialog vertieft. Nach einem Feuerwerk der Farben werden die inne liegenden Strukturen zum Vorschein kommen. Landschaften zeigen Linien und Muster von Ackerfurchen und Horizonten. B\u00e4ume ohne Bl\u00e4tter lassen mich wieder die Rinde wahrnehmen und die Struktur ihrer \u00e4ste, ich kann sehen, wie die Dinge gewachsen sind. Der Wind zeichnet Muster in Grasfl\u00e4chen, Wolkenbilder ziehen schneller am Himmel. Die verschwundene Sommerfarbe in den Gesichtern bringt die feinen Linien des Lebens zum Vorschein. Die B\u00e4ume geben den Blick wieder frei auf die Strukturen der Architektur. Ich schwanke zwischen Kopf einziehen vor dem Wetter und den Blick zum Himmel heben. Herbst ist eine stille Freude.<\/span><\/p>\n<\/div><\/section><\/div><\/p>\n","protected":false},"excerpt":{"rendered":"","protected":false},"author":1,"featured_media":297,"comment_status":"open","ping_status":"open","sticky":false,"template":"","format":"standard","meta":{"footnotes":""},"categories":[8,20],"tags":[19,15,6,14,21],"class_list":["post-325","post","type-post","status-publish","format-standard","has-post-thumbnail","hentry","category-feldenkrais","category-natur","tag-bandscheiben","tag-feldenkrais","tag-gedanken","tag-momente","tag-natur"],"yoast_head":"<!-- This site is optimized with the Yoast SEO plugin v26.5 - https:\/\/yoast.com\/wordpress\/plugins\/seo\/ -->\n<title>Herbst - Anne Barthelme\u00df<\/title>\n<meta name=\"robots\" content=\"index, follow, max-snippet:-1, max-image-preview:large, max-video-preview:-1\" \/>\n<link rel=\"canonical\" href=\"https:\/\/anne-barthelmess.de\/index.php\/2025\/08\/02\/herbst\/\" \/>\n<meta property=\"og:locale\" content=\"de_DE\" \/>\n<meta property=\"og:type\" content=\"article\" \/>\n<meta property=\"og:title\" content=\"Herbst - Anne Barthelme\u00df\" \/>\n<meta property=\"og:url\" content=\"https:\/\/anne-barthelmess.de\/index.php\/2025\/08\/02\/herbst\/\" \/>\n<meta property=\"og:site_name\" content=\"Anne Barthelme\u00df\" \/>\n<meta property=\"article:published_time\" content=\"2025-08-02T08:41:42+00:00\" \/>\n<meta property=\"article:modified_time\" content=\"2025-08-02T08:45:33+00:00\" \/>\n<meta property=\"og:image\" content=\"https:\/\/anne-barthelmess.de\/wp-content\/uploads\/2025\/07\/Feldenkrais-blog_5_2023-Herbst.jpeg\" \/>\n\t<meta property=\"og:image:width\" content=\"640\" \/>\n\t<meta property=\"og:image:height\" content=\"480\" \/>\n\t<meta property=\"og:image:type\" content=\"image\/jpeg\" \/>\n<meta name=\"author\" content=\"admin\" \/>\n<meta name=\"twitter:card\" content=\"summary_large_image\" \/>\n<meta name=\"twitter:label1\" content=\"Verfasst von\" \/>\n\t<meta name=\"twitter:data1\" content=\"admin\" \/>\n\t<meta name=\"twitter:label2\" content=\"Gesch\u00e4tzte Lesezeit\" \/>\n\t<meta name=\"twitter:data2\" content=\"8\u00a0Minuten\" \/>\n<script type=\"application\/ld+json\" class=\"yoast-schema-graph\">{\"@context\":\"https:\/\/schema.org\",\"@graph\":[{\"@type\":\"Article\",\"@id\":\"https:\/\/anne-barthelmess.de\/index.php\/2025\/08\/02\/herbst\/#article\",\"isPartOf\":{\"@id\":\"https:\/\/anne-barthelmess.de\/index.php\/2025\/08\/02\/herbst\/\"},\"author\":{\"name\":\"admin\",\"@id\":\"https:\/\/anne-barthelmess.de\/#\/schema\/person\/b0108bfd55dfd6a45f19d6755e1c76d5\"},\"headline\":\"Herbst\",\"datePublished\":\"2025-08-02T08:41:42+00:00\",\"dateModified\":\"2025-08-02T08:45:33+00:00\",\"mainEntityOfPage\":{\"@id\":\"https:\/\/anne-barthelmess.de\/index.php\/2025\/08\/02\/herbst\/\"},\"wordCount\":1146,\"commentCount\":0,\"publisher\":{\"@id\":\"https:\/\/anne-barthelmess.de\/#\/schema\/person\/b0108bfd55dfd6a45f19d6755e1c76d5\"},\"image\":{\"@id\":\"https:\/\/anne-barthelmess.de\/index.php\/2025\/08\/02\/herbst\/#primaryimage\"},\"thumbnailUrl\":\"https:\/\/anne-barthelmess.de\/wp-content\/uploads\/2025\/07\/Feldenkrais-blog_5_2023-Herbst.jpeg\",\"keywords\":[\"bandscheiben\",\"feldenkrais\",\"Gedanken\",\"Momente\",\"Natur\"],\"articleSection\":[\"Feldenkrais\",\"Natur\"],\"inLanguage\":\"de\",\"potentialAction\":[{\"@type\":\"CommentAction\",\"name\":\"Comment\",\"target\":[\"https:\/\/anne-barthelmess.de\/index.php\/2025\/08\/02\/herbst\/#respond\"]}]},{\"@type\":\"WebPage\",\"@id\":\"https:\/\/anne-barthelmess.de\/index.php\/2025\/08\/02\/herbst\/\",\"url\":\"https:\/\/anne-barthelmess.de\/index.php\/2025\/08\/02\/herbst\/\",\"name\":\"Herbst - Anne Barthelme\u00df\",\"isPartOf\":{\"@id\":\"https:\/\/anne-barthelmess.de\/#website\"},\"primaryImageOfPage\":{\"@id\":\"https:\/\/anne-barthelmess.de\/index.php\/2025\/08\/02\/herbst\/#primaryimage\"},\"image\":{\"@id\":\"https:\/\/anne-barthelmess.de\/index.php\/2025\/08\/02\/herbst\/#primaryimage\"},\"thumbnailUrl\":\"https:\/\/anne-barthelmess.de\/wp-content\/uploads\/2025\/07\/Feldenkrais-blog_5_2023-Herbst.jpeg\",\"datePublished\":\"2025-08-02T08:41:42+00:00\",\"dateModified\":\"2025-08-02T08:45:33+00:00\",\"breadcrumb\":{\"@id\":\"https:\/\/anne-barthelmess.de\/index.php\/2025\/08\/02\/herbst\/#breadcrumb\"},\"inLanguage\":\"de\",\"potentialAction\":[{\"@type\":\"ReadAction\",\"target\":[\"https:\/\/anne-barthelmess.de\/index.php\/2025\/08\/02\/herbst\/\"]}]},{\"@type\":\"ImageObject\",\"inLanguage\":\"de\",\"@id\":\"https:\/\/anne-barthelmess.de\/index.php\/2025\/08\/02\/herbst\/#primaryimage\",\"url\":\"https:\/\/anne-barthelmess.de\/wp-content\/uploads\/2025\/07\/Feldenkrais-blog_5_2023-Herbst.jpeg\",\"contentUrl\":\"https:\/\/anne-barthelmess.de\/wp-content\/uploads\/2025\/07\/Feldenkrais-blog_5_2023-Herbst.jpeg\",\"width\":640,\"height\":480,\"caption\":\"Feldenkrais Blog - Herbst\"},{\"@type\":\"BreadcrumbList\",\"@id\":\"https:\/\/anne-barthelmess.de\/index.php\/2025\/08\/02\/herbst\/#breadcrumb\",\"itemListElement\":[{\"@type\":\"ListItem\",\"position\":1,\"name\":\"Startseite\",\"item\":\"https:\/\/anne-barthelmess.de\/index.php\/startseite\/\"},{\"@type\":\"ListItem\",\"position\":2,\"name\":\"Herbst\"}]},{\"@type\":\"WebSite\",\"@id\":\"https:\/\/anne-barthelmess.de\/#website\",\"url\":\"https:\/\/anne-barthelmess.de\/\",\"name\":\"Anne Barthelme\u00df\",\"description\":\"Feldenkrais als Einzelstunde und Gruppenstunde in Berlin Charlottenburg\",\"publisher\":{\"@id\":\"https:\/\/anne-barthelmess.de\/#\/schema\/person\/b0108bfd55dfd6a45f19d6755e1c76d5\"},\"potentialAction\":[{\"@type\":\"SearchAction\",\"target\":{\"@type\":\"EntryPoint\",\"urlTemplate\":\"https:\/\/anne-barthelmess.de\/?s={search_term_string}\"},\"query-input\":{\"@type\":\"PropertyValueSpecification\",\"valueRequired\":true,\"valueName\":\"search_term_string\"}}],\"inLanguage\":\"de\"},{\"@type\":[\"Person\",\"Organization\"],\"@id\":\"https:\/\/anne-barthelmess.de\/#\/schema\/person\/b0108bfd55dfd6a45f19d6755e1c76d5\",\"name\":\"admin\",\"image\":{\"@type\":\"ImageObject\",\"inLanguage\":\"de\",\"@id\":\"https:\/\/anne-barthelmess.de\/#\/schema\/person\/image\/\",\"url\":\"https:\/\/anne-barthelmess.de\/wordpress\/wp-content\/uploads\/2025\/06\/cropped-anne_thumb.jpg\",\"contentUrl\":\"https:\/\/anne-barthelmess.de\/wordpress\/wp-content\/uploads\/2025\/06\/cropped-anne_thumb.jpg\",\"width\":67,\"height\":72,\"caption\":\"admin\"},\"logo\":{\"@id\":\"https:\/\/anne-barthelmess.de\/#\/schema\/person\/image\/\"},\"sameAs\":[\"https:\/\/anne-barthelmess.de\/wordpress\"],\"url\":\"https:\/\/anne-barthelmess.de\/index.php\/author\/anne_xpkuuzij\/\"}]}<\/script>\n<!-- \/ Yoast SEO plugin. -->","yoast_head_json":{"title":"Herbst - Anne Barthelme\u00df","robots":{"index":"index","follow":"follow","max-snippet":"max-snippet:-1","max-image-preview":"max-image-preview:large","max-video-preview":"max-video-preview:-1"},"canonical":"https:\/\/anne-barthelmess.de\/index.php\/2025\/08\/02\/herbst\/","og_locale":"de_DE","og_type":"article","og_title":"Herbst - Anne Barthelme\u00df","og_url":"https:\/\/anne-barthelmess.de\/index.php\/2025\/08\/02\/herbst\/","og_site_name":"Anne Barthelme\u00df","article_published_time":"2025-08-02T08:41:42+00:00","article_modified_time":"2025-08-02T08:45:33+00:00","og_image":[{"width":640,"height":480,"url":"https:\/\/anne-barthelmess.de\/wp-content\/uploads\/2025\/07\/Feldenkrais-blog_5_2023-Herbst.jpeg","type":"image\/jpeg"}],"author":"admin","twitter_card":"summary_large_image","twitter_misc":{"Verfasst von":"admin","Gesch\u00e4tzte Lesezeit":"8\u00a0Minuten"},"schema":{"@context":"https:\/\/schema.org","@graph":[{"@type":"Article","@id":"https:\/\/anne-barthelmess.de\/index.php\/2025\/08\/02\/herbst\/#article","isPartOf":{"@id":"https:\/\/anne-barthelmess.de\/index.php\/2025\/08\/02\/herbst\/"},"author":{"name":"admin","@id":"https:\/\/anne-barthelmess.de\/#\/schema\/person\/b0108bfd55dfd6a45f19d6755e1c76d5"},"headline":"Herbst","datePublished":"2025-08-02T08:41:42+00:00","dateModified":"2025-08-02T08:45:33+00:00","mainEntityOfPage":{"@id":"https:\/\/anne-barthelmess.de\/index.php\/2025\/08\/02\/herbst\/"},"wordCount":1146,"commentCount":0,"publisher":{"@id":"https:\/\/anne-barthelmess.de\/#\/schema\/person\/b0108bfd55dfd6a45f19d6755e1c76d5"},"image":{"@id":"https:\/\/anne-barthelmess.de\/index.php\/2025\/08\/02\/herbst\/#primaryimage"},"thumbnailUrl":"https:\/\/anne-barthelmess.de\/wp-content\/uploads\/2025\/07\/Feldenkrais-blog_5_2023-Herbst.jpeg","keywords":["bandscheiben","feldenkrais","Gedanken","Momente","Natur"],"articleSection":["Feldenkrais","Natur"],"inLanguage":"de","potentialAction":[{"@type":"CommentAction","name":"Comment","target":["https:\/\/anne-barthelmess.de\/index.php\/2025\/08\/02\/herbst\/#respond"]}]},{"@type":"WebPage","@id":"https:\/\/anne-barthelmess.de\/index.php\/2025\/08\/02\/herbst\/","url":"https:\/\/anne-barthelmess.de\/index.php\/2025\/08\/02\/herbst\/","name":"Herbst - Anne Barthelme\u00df","isPartOf":{"@id":"https:\/\/anne-barthelmess.de\/#website"},"primaryImageOfPage":{"@id":"https:\/\/anne-barthelmess.de\/index.php\/2025\/08\/02\/herbst\/#primaryimage"},"image":{"@id":"https:\/\/anne-barthelmess.de\/index.php\/2025\/08\/02\/herbst\/#primaryimage"},"thumbnailUrl":"https:\/\/anne-barthelmess.de\/wp-content\/uploads\/2025\/07\/Feldenkrais-blog_5_2023-Herbst.jpeg","datePublished":"2025-08-02T08:41:42+00:00","dateModified":"2025-08-02T08:45:33+00:00","breadcrumb":{"@id":"https:\/\/anne-barthelmess.de\/index.php\/2025\/08\/02\/herbst\/#breadcrumb"},"inLanguage":"de","potentialAction":[{"@type":"ReadAction","target":["https:\/\/anne-barthelmess.de\/index.php\/2025\/08\/02\/herbst\/"]}]},{"@type":"ImageObject","inLanguage":"de","@id":"https:\/\/anne-barthelmess.de\/index.php\/2025\/08\/02\/herbst\/#primaryimage","url":"https:\/\/anne-barthelmess.de\/wp-content\/uploads\/2025\/07\/Feldenkrais-blog_5_2023-Herbst.jpeg","contentUrl":"https:\/\/anne-barthelmess.de\/wp-content\/uploads\/2025\/07\/Feldenkrais-blog_5_2023-Herbst.jpeg","width":640,"height":480,"caption":"Feldenkrais Blog - Herbst"},{"@type":"BreadcrumbList","@id":"https:\/\/anne-barthelmess.de\/index.php\/2025\/08\/02\/herbst\/#breadcrumb","itemListElement":[{"@type":"ListItem","position":1,"name":"Startseite","item":"https:\/\/anne-barthelmess.de\/index.php\/startseite\/"},{"@type":"ListItem","position":2,"name":"Herbst"}]},{"@type":"WebSite","@id":"https:\/\/anne-barthelmess.de\/#website","url":"https:\/\/anne-barthelmess.de\/","name":"Anne Barthelme\u00df","description":"Feldenkrais als Einzelstunde und Gruppenstunde in Berlin Charlottenburg","publisher":{"@id":"https:\/\/anne-barthelmess.de\/#\/schema\/person\/b0108bfd55dfd6a45f19d6755e1c76d5"},"potentialAction":[{"@type":"SearchAction","target":{"@type":"EntryPoint","urlTemplate":"https:\/\/anne-barthelmess.de\/?s={search_term_string}"},"query-input":{"@type":"PropertyValueSpecification","valueRequired":true,"valueName":"search_term_string"}}],"inLanguage":"de"},{"@type":["Person","Organization"],"@id":"https:\/\/anne-barthelmess.de\/#\/schema\/person\/b0108bfd55dfd6a45f19d6755e1c76d5","name":"admin","image":{"@type":"ImageObject","inLanguage":"de","@id":"https:\/\/anne-barthelmess.de\/#\/schema\/person\/image\/","url":"https:\/\/anne-barthelmess.de\/wordpress\/wp-content\/uploads\/2025\/06\/cropped-anne_thumb.jpg","contentUrl":"https:\/\/anne-barthelmess.de\/wordpress\/wp-content\/uploads\/2025\/06\/cropped-anne_thumb.jpg","width":67,"height":72,"caption":"admin"},"logo":{"@id":"https:\/\/anne-barthelmess.de\/#\/schema\/person\/image\/"},"sameAs":["https:\/\/anne-barthelmess.de\/wordpress"],"url":"https:\/\/anne-barthelmess.de\/index.php\/author\/anne_xpkuuzij\/"}]}},"_links":{"self":[{"href":"https:\/\/anne-barthelmess.de\/index.php\/wp-json\/wp\/v2\/posts\/325","targetHints":{"allow":["GET"]}}],"collection":[{"href":"https:\/\/anne-barthelmess.de\/index.php\/wp-json\/wp\/v2\/posts"}],"about":[{"href":"https:\/\/anne-barthelmess.de\/index.php\/wp-json\/wp\/v2\/types\/post"}],"author":[{"embeddable":true,"href":"https:\/\/anne-barthelmess.de\/index.php\/wp-json\/wp\/v2\/users\/1"}],"replies":[{"embeddable":true,"href":"https:\/\/anne-barthelmess.de\/index.php\/wp-json\/wp\/v2\/comments?post=325"}],"version-history":[{"count":2,"href":"https:\/\/anne-barthelmess.de\/index.php\/wp-json\/wp\/v2\/posts\/325\/revisions"}],"predecessor-version":[{"id":329,"href":"https:\/\/anne-barthelmess.de\/index.php\/wp-json\/wp\/v2\/posts\/325\/revisions\/329"}],"wp:featuredmedia":[{"embeddable":true,"href":"https:\/\/anne-barthelmess.de\/index.php\/wp-json\/wp\/v2\/media\/297"}],"wp:attachment":[{"href":"https:\/\/anne-barthelmess.de\/index.php\/wp-json\/wp\/v2\/media?parent=325"}],"wp:term":[{"taxonomy":"category","embeddable":true,"href":"https:\/\/anne-barthelmess.de\/index.php\/wp-json\/wp\/v2\/categories?post=325"},{"taxonomy":"post_tag","embeddable":true,"href":"https:\/\/anne-barthelmess.de\/index.php\/wp-json\/wp\/v2\/tags?post=325"}],"curies":[{"name":"wp","href":"https:\/\/api.w.org\/{rel}","templated":true}]}}