{"id":346,"date":"2025-08-02T17:41:49","date_gmt":"2025-08-02T17:41:49","guid":{"rendered":"https:\/\/anne-barthelmess.de\/wordpress\/?p=346"},"modified":"2025-08-02T17:41:49","modified_gmt":"2025-08-02T17:41:49","slug":"katze_beim_feldenkrais","status":"publish","type":"post","link":"https:\/\/anne-barthelmess.de\/index.php\/2025\/08\/02\/katze_beim_feldenkrais\/","title":{"rendered":"Katze beim Feldenkrais"},"content":{"rendered":"<div  class='flex_column av-1mthq-a2ea3a2eb3ea81cd7da354cce7e323f9 av_one_third  avia-builder-el-0  el_before_av_two_third  avia-builder-el-first  first flex_column_div  '     ><style type=\"text\/css\" data-created_by=\"avia_inline_auto\" id=\"style-css-av-mdsq78fp-cf91823a9935163e74b2dd98a8cc22ab\">\n.avia-image-container.av-mdsq78fp-cf91823a9935163e74b2dd98a8cc22ab img.avia_image{\nbox-shadow:none;\n}\n.avia-image-container.av-mdsq78fp-cf91823a9935163e74b2dd98a8cc22ab .av-image-caption-overlay-center{\ncolor:#ffffff;\n}\n<\/style>\n<div  class='avia-image-container av-mdsq78fp-cf91823a9935163e74b2dd98a8cc22ab av-styling- avia-align-center  avia-builder-el-1  avia-builder-el-no-sibling '   itemprop=\"image\" itemscope=\"itemscope\" itemtype=\"https:\/\/schema.org\/ImageObject\" ><div class=\"avia-image-container-inner\"><div class=\"avia-image-overlay-wrap\"><img decoding=\"async\" fetchpriority=\"high\" class='wp-image-292 avia-img-lazy-loading-not-292 avia_image ' src=\"https:\/\/anne-barthelmess.de\/wp-content\/uploads\/2025\/07\/Feldenkrais-blog_3_2024-Katze-beim-Feldenkrais.jpeg\" alt='Feldenkrais Blog - Katze beim Feldenkrais' title='Feldenkrais-blog_3_2024 - Katze beim Feldenkrais'  height=\"480\" width=\"640\"  itemprop=\"thumbnailUrl\" srcset=\"https:\/\/anne-barthelmess.de\/wp-content\/uploads\/2025\/07\/Feldenkrais-blog_3_2024-Katze-beim-Feldenkrais.jpeg 640w, https:\/\/anne-barthelmess.de\/wp-content\/uploads\/2025\/07\/Feldenkrais-blog_3_2024-Katze-beim-Feldenkrais-300x225.jpeg 300w\" sizes=\"(max-width: 640px) 100vw, 640px\" \/><\/div><\/div><\/div><\/div><div  class='flex_column av-151zi-662d9ba55c7a356d46f431feb114c6c4 av_two_third  avia-builder-el-2  el_after_av_one_third  avia-builder-el-last  flex_column_div  '     ><section  class='av_textblock_section av-md7av5kw-c0865d3869ad1166765f4af5b17364bb '   itemscope=\"itemscope\" itemtype=\"https:\/\/schema.org\/BlogPosting\" itemprop=\"blogPost\" ><div class='avia_textblock'  itemprop=\"text\" ><h1>Katze beim Feldenkrais<\/h1>\n<p><span style=\"font-size: 12pt;\">Ich strecke mich auf meinem Lieblingsplatz, dem Fensterbrett, die Vorderpfoten weit vor mir, den Po hoch in der Luft. Dann drehe ich mich um selbst, einmal links herum, dann rechts herum und lasse mich schlie\u00dflich mit einem Seufzer nieder. Mein wunderbarer Fellschweif legt sich um mich, was brauche ich mehr?<\/span><\/p>\n<p><span style=\"font-size: 12pt;\">Unwillk\u00fcrlich fange ich an zu schnurren, das vibriert so angenehm in meinem Bauch, als meine Menschin hereinkommt und sich auf den gro\u00dfen wei\u00dfen Teppich legt, auf dem ich auch gerne schlafe. Man riecht danach zwar ein bisschen nach Schaf, aber Schafe sind schlie\u00dflich nette Tiere.<\/span><\/p>\n<p><span style=\"font-size: 12pt;\">Mit halb geschlossenen Augen verfolge ich ihre flie\u00dfenden Bewegungen, die so beruhigend wirken, das mir die Augen immer wieder zufallen. Jede ihrer Bewegung ist bedacht und sanft und sehr langsam und fast anmutig. Es ist, als ob sie einen Tanz ohne Musik ausf\u00fchre, als folge sie einer inneren Melodie. Je mehr sie mit ihrer Konzentration bei sich ankommt und sie damit den Raum erf\u00fcllt, desto tiefer sinke ich in den Schlaf.<\/span><\/p>\n<p><span style=\"font-size: 12pt;\">Und als ich wieder aufwache, weil sie sich auf die Seite rollt und voll innerer Ruhe und strahlend wieder aufsteht, glaube ich fast, wir haben beide ein wenig geschlafen. Ich g\u00e4hne zufrieden, rolle mich, mich einmal streckend, andersherum wieder ein und lege meinen Kopf wieder auf die Pfoten. F\u00fcr einen Menschen ist sie gar nicht mal so \u00fcbel.<\/span><\/p>\n<\/div><\/section><\/div><\/p>\n","protected":false},"excerpt":{"rendered":"","protected":false},"author":1,"featured_media":292,"comment_status":"open","ping_status":"open","sticky":false,"template":"","format":"standard","meta":{"footnotes":""},"categories":[8,1,22],"tags":[15,6,23],"class_list":["post-346","post","type-post","status-publish","format-standard","has-post-thumbnail","hentry","category-feldenkrais","category-uncategorized","category-gesundheit","tag-feldenkrais","tag-gedanken","tag-gesundheit"],"yoast_head":"<!-- This site is optimized with the Yoast SEO plugin v26.5 - https:\/\/yoast.com\/wordpress\/plugins\/seo\/ -->\n<title>Katze beim Feldenkrais - Anne Barthelme\u00df<\/title>\n<meta name=\"robots\" content=\"index, follow, max-snippet:-1, max-image-preview:large, max-video-preview:-1\" \/>\n<link rel=\"canonical\" href=\"https:\/\/anne-barthelmess.de\/index.php\/2025\/08\/02\/katze_beim_feldenkrais\/\" \/>\n<meta property=\"og:locale\" content=\"de_DE\" \/>\n<meta property=\"og:type\" content=\"article\" \/>\n<meta property=\"og:title\" content=\"Katze beim Feldenkrais - Anne Barthelme\u00df\" \/>\n<meta property=\"og:url\" content=\"https:\/\/anne-barthelmess.de\/index.php\/2025\/08\/02\/katze_beim_feldenkrais\/\" \/>\n<meta property=\"og:site_name\" content=\"Anne Barthelme\u00df\" \/>\n<meta property=\"article:published_time\" content=\"2025-08-02T17:41:49+00:00\" \/>\n<meta property=\"og:image\" content=\"https:\/\/anne-barthelmess.de\/wp-content\/uploads\/2025\/07\/Feldenkrais-blog_3_2024-Katze-beim-Feldenkrais.jpeg\" \/>\n\t<meta property=\"og:image:width\" content=\"640\" \/>\n\t<meta property=\"og:image:height\" content=\"480\" \/>\n\t<meta property=\"og:image:type\" content=\"image\/jpeg\" \/>\n<meta name=\"author\" content=\"admin\" \/>\n<meta name=\"twitter:card\" content=\"summary_large_image\" \/>\n<meta name=\"twitter:label1\" content=\"Verfasst von\" \/>\n\t<meta name=\"twitter:data1\" content=\"admin\" \/>\n\t<meta name=\"twitter:label2\" content=\"Gesch\u00e4tzte Lesezeit\" \/>\n\t<meta name=\"twitter:data2\" content=\"8\u00a0Minuten\" \/>\n<script type=\"application\/ld+json\" class=\"yoast-schema-graph\">{\"@context\":\"https:\/\/schema.org\",\"@graph\":[{\"@type\":\"Article\",\"@id\":\"https:\/\/anne-barthelmess.de\/index.php\/2025\/08\/02\/katze_beim_feldenkrais\/#article\",\"isPartOf\":{\"@id\":\"https:\/\/anne-barthelmess.de\/index.php\/2025\/08\/02\/katze_beim_feldenkrais\/\"},\"author\":{\"name\":\"admin\",\"@id\":\"https:\/\/anne-barthelmess.de\/#\/schema\/person\/b0108bfd55dfd6a45f19d6755e1c76d5\"},\"headline\":\"Katze beim Feldenkrais\",\"datePublished\":\"2025-08-02T17:41:49+00:00\",\"mainEntityOfPage\":{\"@id\":\"https:\/\/anne-barthelmess.de\/index.php\/2025\/08\/02\/katze_beim_feldenkrais\/\"},\"wordCount\":1235,\"commentCount\":0,\"publisher\":{\"@id\":\"https:\/\/anne-barthelmess.de\/#\/schema\/person\/b0108bfd55dfd6a45f19d6755e1c76d5\"},\"image\":{\"@id\":\"https:\/\/anne-barthelmess.de\/index.php\/2025\/08\/02\/katze_beim_feldenkrais\/#primaryimage\"},\"thumbnailUrl\":\"https:\/\/anne-barthelmess.de\/wp-content\/uploads\/2025\/07\/Feldenkrais-blog_3_2024-Katze-beim-Feldenkrais.jpeg\",\"keywords\":[\"feldenkrais\",\"Gedanken\",\"gesundheit\"],\"articleSection\":[\"Feldenkrais\",\"Gedanken\",\"Gesundheit\"],\"inLanguage\":\"de\",\"potentialAction\":[{\"@type\":\"CommentAction\",\"name\":\"Comment\",\"target\":[\"https:\/\/anne-barthelmess.de\/index.php\/2025\/08\/02\/katze_beim_feldenkrais\/#respond\"]}]},{\"@type\":\"WebPage\",\"@id\":\"https:\/\/anne-barthelmess.de\/index.php\/2025\/08\/02\/katze_beim_feldenkrais\/\",\"url\":\"https:\/\/anne-barthelmess.de\/index.php\/2025\/08\/02\/katze_beim_feldenkrais\/\",\"name\":\"Katze beim Feldenkrais - Anne Barthelme\u00df\",\"isPartOf\":{\"@id\":\"https:\/\/anne-barthelmess.de\/#website\"},\"primaryImageOfPage\":{\"@id\":\"https:\/\/anne-barthelmess.de\/index.php\/2025\/08\/02\/katze_beim_feldenkrais\/#primaryimage\"},\"image\":{\"@id\":\"https:\/\/anne-barthelmess.de\/index.php\/2025\/08\/02\/katze_beim_feldenkrais\/#primaryimage\"},\"thumbnailUrl\":\"https:\/\/anne-barthelmess.de\/wp-content\/uploads\/2025\/07\/Feldenkrais-blog_3_2024-Katze-beim-Feldenkrais.jpeg\",\"datePublished\":\"2025-08-02T17:41:49+00:00\",\"breadcrumb\":{\"@id\":\"https:\/\/anne-barthelmess.de\/index.php\/2025\/08\/02\/katze_beim_feldenkrais\/#breadcrumb\"},\"inLanguage\":\"de\",\"potentialAction\":[{\"@type\":\"ReadAction\",\"target\":[\"https:\/\/anne-barthelmess.de\/index.php\/2025\/08\/02\/katze_beim_feldenkrais\/\"]}]},{\"@type\":\"ImageObject\",\"inLanguage\":\"de\",\"@id\":\"https:\/\/anne-barthelmess.de\/index.php\/2025\/08\/02\/katze_beim_feldenkrais\/#primaryimage\",\"url\":\"https:\/\/anne-barthelmess.de\/wp-content\/uploads\/2025\/07\/Feldenkrais-blog_3_2024-Katze-beim-Feldenkrais.jpeg\",\"contentUrl\":\"https:\/\/anne-barthelmess.de\/wp-content\/uploads\/2025\/07\/Feldenkrais-blog_3_2024-Katze-beim-Feldenkrais.jpeg\",\"width\":640,\"height\":480,\"caption\":\"Feldenkrais Blog - Katze beim Feldenkrais\"},{\"@type\":\"BreadcrumbList\",\"@id\":\"https:\/\/anne-barthelmess.de\/index.php\/2025\/08\/02\/katze_beim_feldenkrais\/#breadcrumb\",\"itemListElement\":[{\"@type\":\"ListItem\",\"position\":1,\"name\":\"Startseite\",\"item\":\"https:\/\/anne-barthelmess.de\/index.php\/startseite\/\"},{\"@type\":\"ListItem\",\"position\":2,\"name\":\"Katze beim Feldenkrais\"}]},{\"@type\":\"WebSite\",\"@id\":\"https:\/\/anne-barthelmess.de\/#website\",\"url\":\"https:\/\/anne-barthelmess.de\/\",\"name\":\"Anne Barthelme\u00df\",\"description\":\"Feldenkrais als Einzelstunde und Gruppenstunde in Berlin Charlottenburg\",\"publisher\":{\"@id\":\"https:\/\/anne-barthelmess.de\/#\/schema\/person\/b0108bfd55dfd6a45f19d6755e1c76d5\"},\"potentialAction\":[{\"@type\":\"SearchAction\",\"target\":{\"@type\":\"EntryPoint\",\"urlTemplate\":\"https:\/\/anne-barthelmess.de\/?s={search_term_string}\"},\"query-input\":{\"@type\":\"PropertyValueSpecification\",\"valueRequired\":true,\"valueName\":\"search_term_string\"}}],\"inLanguage\":\"de\"},{\"@type\":[\"Person\",\"Organization\"],\"@id\":\"https:\/\/anne-barthelmess.de\/#\/schema\/person\/b0108bfd55dfd6a45f19d6755e1c76d5\",\"name\":\"admin\",\"image\":{\"@type\":\"ImageObject\",\"inLanguage\":\"de\",\"@id\":\"https:\/\/anne-barthelmess.de\/#\/schema\/person\/image\/\",\"url\":\"https:\/\/anne-barthelmess.de\/wordpress\/wp-content\/uploads\/2025\/06\/cropped-anne_thumb.jpg\",\"contentUrl\":\"https:\/\/anne-barthelmess.de\/wordpress\/wp-content\/uploads\/2025\/06\/cropped-anne_thumb.jpg\",\"width\":67,\"height\":72,\"caption\":\"admin\"},\"logo\":{\"@id\":\"https:\/\/anne-barthelmess.de\/#\/schema\/person\/image\/\"},\"sameAs\":[\"https:\/\/anne-barthelmess.de\/wordpress\"],\"url\":\"https:\/\/anne-barthelmess.de\/index.php\/author\/anne_xpkuuzij\/\"}]}<\/script>\n<!-- \/ Yoast SEO plugin. -->","yoast_head_json":{"title":"Katze beim Feldenkrais - Anne Barthelme\u00df","robots":{"index":"index","follow":"follow","max-snippet":"max-snippet:-1","max-image-preview":"max-image-preview:large","max-video-preview":"max-video-preview:-1"},"canonical":"https:\/\/anne-barthelmess.de\/index.php\/2025\/08\/02\/katze_beim_feldenkrais\/","og_locale":"de_DE","og_type":"article","og_title":"Katze beim Feldenkrais - Anne Barthelme\u00df","og_url":"https:\/\/anne-barthelmess.de\/index.php\/2025\/08\/02\/katze_beim_feldenkrais\/","og_site_name":"Anne Barthelme\u00df","article_published_time":"2025-08-02T17:41:49+00:00","og_image":[{"width":640,"height":480,"url":"https:\/\/anne-barthelmess.de\/wp-content\/uploads\/2025\/07\/Feldenkrais-blog_3_2024-Katze-beim-Feldenkrais.jpeg","type":"image\/jpeg"}],"author":"admin","twitter_card":"summary_large_image","twitter_misc":{"Verfasst von":"admin","Gesch\u00e4tzte Lesezeit":"8\u00a0Minuten"},"schema":{"@context":"https:\/\/schema.org","@graph":[{"@type":"Article","@id":"https:\/\/anne-barthelmess.de\/index.php\/2025\/08\/02\/katze_beim_feldenkrais\/#article","isPartOf":{"@id":"https:\/\/anne-barthelmess.de\/index.php\/2025\/08\/02\/katze_beim_feldenkrais\/"},"author":{"name":"admin","@id":"https:\/\/anne-barthelmess.de\/#\/schema\/person\/b0108bfd55dfd6a45f19d6755e1c76d5"},"headline":"Katze beim Feldenkrais","datePublished":"2025-08-02T17:41:49+00:00","mainEntityOfPage":{"@id":"https:\/\/anne-barthelmess.de\/index.php\/2025\/08\/02\/katze_beim_feldenkrais\/"},"wordCount":1235,"commentCount":0,"publisher":{"@id":"https:\/\/anne-barthelmess.de\/#\/schema\/person\/b0108bfd55dfd6a45f19d6755e1c76d5"},"image":{"@id":"https:\/\/anne-barthelmess.de\/index.php\/2025\/08\/02\/katze_beim_feldenkrais\/#primaryimage"},"thumbnailUrl":"https:\/\/anne-barthelmess.de\/wp-content\/uploads\/2025\/07\/Feldenkrais-blog_3_2024-Katze-beim-Feldenkrais.jpeg","keywords":["feldenkrais","Gedanken","gesundheit"],"articleSection":["Feldenkrais","Gedanken","Gesundheit"],"inLanguage":"de","potentialAction":[{"@type":"CommentAction","name":"Comment","target":["https:\/\/anne-barthelmess.de\/index.php\/2025\/08\/02\/katze_beim_feldenkrais\/#respond"]}]},{"@type":"WebPage","@id":"https:\/\/anne-barthelmess.de\/index.php\/2025\/08\/02\/katze_beim_feldenkrais\/","url":"https:\/\/anne-barthelmess.de\/index.php\/2025\/08\/02\/katze_beim_feldenkrais\/","name":"Katze beim Feldenkrais - Anne Barthelme\u00df","isPartOf":{"@id":"https:\/\/anne-barthelmess.de\/#website"},"primaryImageOfPage":{"@id":"https:\/\/anne-barthelmess.de\/index.php\/2025\/08\/02\/katze_beim_feldenkrais\/#primaryimage"},"image":{"@id":"https:\/\/anne-barthelmess.de\/index.php\/2025\/08\/02\/katze_beim_feldenkrais\/#primaryimage"},"thumbnailUrl":"https:\/\/anne-barthelmess.de\/wp-content\/uploads\/2025\/07\/Feldenkrais-blog_3_2024-Katze-beim-Feldenkrais.jpeg","datePublished":"2025-08-02T17:41:49+00:00","breadcrumb":{"@id":"https:\/\/anne-barthelmess.de\/index.php\/2025\/08\/02\/katze_beim_feldenkrais\/#breadcrumb"},"inLanguage":"de","potentialAction":[{"@type":"ReadAction","target":["https:\/\/anne-barthelmess.de\/index.php\/2025\/08\/02\/katze_beim_feldenkrais\/"]}]},{"@type":"ImageObject","inLanguage":"de","@id":"https:\/\/anne-barthelmess.de\/index.php\/2025\/08\/02\/katze_beim_feldenkrais\/#primaryimage","url":"https:\/\/anne-barthelmess.de\/wp-content\/uploads\/2025\/07\/Feldenkrais-blog_3_2024-Katze-beim-Feldenkrais.jpeg","contentUrl":"https:\/\/anne-barthelmess.de\/wp-content\/uploads\/2025\/07\/Feldenkrais-blog_3_2024-Katze-beim-Feldenkrais.jpeg","width":640,"height":480,"caption":"Feldenkrais Blog - Katze beim Feldenkrais"},{"@type":"BreadcrumbList","@id":"https:\/\/anne-barthelmess.de\/index.php\/2025\/08\/02\/katze_beim_feldenkrais\/#breadcrumb","itemListElement":[{"@type":"ListItem","position":1,"name":"Startseite","item":"https:\/\/anne-barthelmess.de\/index.php\/startseite\/"},{"@type":"ListItem","position":2,"name":"Katze beim Feldenkrais"}]},{"@type":"WebSite","@id":"https:\/\/anne-barthelmess.de\/#website","url":"https:\/\/anne-barthelmess.de\/","name":"Anne Barthelme\u00df","description":"Feldenkrais als Einzelstunde und Gruppenstunde in Berlin Charlottenburg","publisher":{"@id":"https:\/\/anne-barthelmess.de\/#\/schema\/person\/b0108bfd55dfd6a45f19d6755e1c76d5"},"potentialAction":[{"@type":"SearchAction","target":{"@type":"EntryPoint","urlTemplate":"https:\/\/anne-barthelmess.de\/?s={search_term_string}"},"query-input":{"@type":"PropertyValueSpecification","valueRequired":true,"valueName":"search_term_string"}}],"inLanguage":"de"},{"@type":["Person","Organization"],"@id":"https:\/\/anne-barthelmess.de\/#\/schema\/person\/b0108bfd55dfd6a45f19d6755e1c76d5","name":"admin","image":{"@type":"ImageObject","inLanguage":"de","@id":"https:\/\/anne-barthelmess.de\/#\/schema\/person\/image\/","url":"https:\/\/anne-barthelmess.de\/wordpress\/wp-content\/uploads\/2025\/06\/cropped-anne_thumb.jpg","contentUrl":"https:\/\/anne-barthelmess.de\/wordpress\/wp-content\/uploads\/2025\/06\/cropped-anne_thumb.jpg","width":67,"height":72,"caption":"admin"},"logo":{"@id":"https:\/\/anne-barthelmess.de\/#\/schema\/person\/image\/"},"sameAs":["https:\/\/anne-barthelmess.de\/wordpress"],"url":"https:\/\/anne-barthelmess.de\/index.php\/author\/anne_xpkuuzij\/"}]}},"_links":{"self":[{"href":"https:\/\/anne-barthelmess.de\/index.php\/wp-json\/wp\/v2\/posts\/346","targetHints":{"allow":["GET"]}}],"collection":[{"href":"https:\/\/anne-barthelmess.de\/index.php\/wp-json\/wp\/v2\/posts"}],"about":[{"href":"https:\/\/anne-barthelmess.de\/index.php\/wp-json\/wp\/v2\/types\/post"}],"author":[{"embeddable":true,"href":"https:\/\/anne-barthelmess.de\/index.php\/wp-json\/wp\/v2\/users\/1"}],"replies":[{"embeddable":true,"href":"https:\/\/anne-barthelmess.de\/index.php\/wp-json\/wp\/v2\/comments?post=346"}],"version-history":[{"count":1,"href":"https:\/\/anne-barthelmess.de\/index.php\/wp-json\/wp\/v2\/posts\/346\/revisions"}],"predecessor-version":[{"id":347,"href":"https:\/\/anne-barthelmess.de\/index.php\/wp-json\/wp\/v2\/posts\/346\/revisions\/347"}],"wp:featuredmedia":[{"embeddable":true,"href":"https:\/\/anne-barthelmess.de\/index.php\/wp-json\/wp\/v2\/media\/292"}],"wp:attachment":[{"href":"https:\/\/anne-barthelmess.de\/index.php\/wp-json\/wp\/v2\/media?parent=346"}],"wp:term":[{"taxonomy":"category","embeddable":true,"href":"https:\/\/anne-barthelmess.de\/index.php\/wp-json\/wp\/v2\/categories?post=346"},{"taxonomy":"post_tag","embeddable":true,"href":"https:\/\/anne-barthelmess.de\/index.php\/wp-json\/wp\/v2\/tags?post=346"}],"curies":[{"name":"wp","href":"https:\/\/api.w.org\/{rel}","templated":true}]}}