{"id":353,"date":"2025-08-02T17:49:43","date_gmt":"2025-08-02T17:49:43","guid":{"rendered":"https:\/\/anne-barthelmess.de\/wordpress\/?p=353"},"modified":"2025-08-02T17:49:43","modified_gmt":"2025-08-02T17:49:43","slug":"alle_jahre_wieder","status":"publish","type":"post","link":"https:\/\/anne-barthelmess.de\/index.php\/2025\/08\/02\/alle_jahre_wieder\/","title":{"rendered":"Alle Jahre wieder"},"content":{"rendered":"<div  class='flex_column av-1mthq-a2ea3a2eb3ea81cd7da354cce7e323f9 av_one_third  avia-builder-el-0  el_before_av_two_third  avia-builder-el-first  first flex_column_div  '     ><style type=\"text\/css\" data-created_by=\"avia_inline_auto\" id=\"style-css-av-mdsq78fp-5109c52dba5220a839f9360fdbf3bab6\">\n.avia-image-container.av-mdsq78fp-5109c52dba5220a839f9360fdbf3bab6 img.avia_image{\nbox-shadow:none;\n}\n.avia-image-container.av-mdsq78fp-5109c52dba5220a839f9360fdbf3bab6 .av-image-caption-overlay-center{\ncolor:#ffffff;\n}\n<\/style>\n<div  class='avia-image-container av-mdsq78fp-5109c52dba5220a839f9360fdbf3bab6 av-styling- avia-align-center  avia-builder-el-1  avia-builder-el-no-sibling '   itemprop=\"image\" itemscope=\"itemscope\" itemtype=\"https:\/\/schema.org\/ImageObject\" ><div class=\"avia-image-container-inner\"><div class=\"avia-image-overlay-wrap\"><img decoding=\"async\" fetchpriority=\"high\" class='wp-image-301 avia-img-lazy-loading-not-301 avia_image ' src=\"https:\/\/anne-barthelmess.de\/wp-content\/uploads\/2025\/07\/Feldenkrais-blog_6_2024-Alle-Jahre-wieder.jpeg\" alt='Feldenkrais Blog - Alle Jahre wieder' title='Feldenkrais-blog_6_2024 - Alle Jahre wieder'  height=\"480\" width=\"640\"  itemprop=\"thumbnailUrl\" srcset=\"https:\/\/anne-barthelmess.de\/wp-content\/uploads\/2025\/07\/Feldenkrais-blog_6_2024-Alle-Jahre-wieder.jpeg 640w, https:\/\/anne-barthelmess.de\/wp-content\/uploads\/2025\/07\/Feldenkrais-blog_6_2024-Alle-Jahre-wieder-300x225.jpeg 300w\" sizes=\"(max-width: 640px) 100vw, 640px\" \/><\/div><\/div><\/div><\/div><div  class='flex_column av-151zi-662d9ba55c7a356d46f431feb114c6c4 av_two_third  avia-builder-el-2  el_after_av_one_third  avia-builder-el-last  flex_column_div  '     ><section  class='av_textblock_section av-md7av5kw-c0865d3869ad1166765f4af5b17364bb '   itemscope=\"itemscope\" itemtype=\"https:\/\/schema.org\/BlogPosting\" itemprop=\"blogPost\" ><div class='avia_textblock'  itemprop=\"text\" ><h1>Alle Jahre wieder<\/h1>\n<p><span style=\"font-size: 12pt;\">Fragst du dich auch, warum es sich jedes Jahr um Weihnachten herum so anf\u00fchlt, als w\u00fcrde die Zeit knapp werden? Und ist das wirklich Weihnachten selbst oder bin ich es?<\/span><\/p>\n<p><span style=\"font-size: 12pt;\">In mir sitzt der hartn\u00e4ckige Glaubenssatz, bis Weihnachten m\u00fcsste alles fertig und erledigt sein. Alle Arbeiten von diesem Jahr m\u00fcssen vor dem 24.12. abgeschlossen sein. Man darf keine Altlasten mit ins neue Jahr nehmen. Zwischen den Jahren, darf man weder putzen noch W\u00e4sche waschen, das bringt Ungl\u00fcck (das habe ich von meiner Mutter und sie hat es von ihrer Mutter) und wahrscheinlich gilt das auch f\u00fcr alle anderen Arbeiten. Alles muss geputzt sein, und zwar gr\u00fcndlich, bis in jede Ecke der Schrankf\u00e4cher hinein. Und die Vorratsschr\u00e4nke m\u00fcssen voll sein. Und vor Weihnachten sollte man alle Freunde und Verwandten noch mal treffen. Wenn du noch allen Menschen etwas schenken m\u00f6chtest, dann kommt das auch noch dazu. Warst du auch schon dar\u00fcber erstaunt, wie lange allein das Einpacken dauert?<\/span><br \/>\n<span style=\"font-size: 12pt;\">Und, kommt dir von all dem irgendetwas bekannt vor?<\/span><\/p>\n<p><span style=\"font-size: 12pt;\">Eigentlich ist das ein lustiges Ph\u00e4nomen, rien ne va plus, ab dem 23.12. (ich versuche jedes Jahr einen Tag vorher fertig zu sein) bzw. 24.12. (viele sind noch am 24.12. in hektische Erledigungen vertieft) und dann? Geht dann die Welt unter?<\/span><\/p>\n<p><span style=\"font-size: 12pt;\">Und wenn dann Weihnachten beginnt, fahren alle wie in einem Zug durch ihren Familientunnel, den Tunnel der Erwartungen oder den Tunnel der Einsamkeit, weil da keine Familie ist und keine Freunde Zeit haben, weil alle in ihrem eigenen Zug sitzen. Um dann im neuen Jahr, endlich wieder in den Alltag entlassen zu werden, welch ein Gl\u00fcck, wenn alles wieder normal ist.<\/span><\/p>\n<p><span style=\"font-size: 12pt;\">Dabei tr\u00e4ume ich vom B\u00fccherlesen, Ausschlafen, langen Spazierg\u00e4ngen, Winterluft, Rumtr\u00f6deln, Pl\u00e4tzchenduft, anregenden Gespr\u00e4chen, W\u00e4rme, Zugewandtheit, gemeinsamen Erlebnissen mit lieben Menschen und vom Tr\u00e4umen tr\u00e4ume ich auch. Drum lege ich jetzt den Computer beiseite und mache einen langen Spaziergang zu einer Freundin und trinke mit ihr einen Tee und frage sie, wie es ihr eigentlich mit der Adventszeit so geht.<\/span><\/p>\n<p><span style=\"font-size: 12pt;\">Ich w\u00fcnsche allen Gesundheit, Erholung, erf\u00fcllende Stunden mit sich und mit anderen,<\/span><br \/>\n<span style=\"font-size: 12pt;\">Anne Barthelme\u00df<\/span><\/p>\n<\/div><\/section><\/div><\/p>\n","protected":false},"excerpt":{"rendered":"","protected":false},"author":1,"featured_media":301,"comment_status":"open","ping_status":"open","sticky":false,"template":"","format":"standard","meta":{"footnotes":""},"categories":[8,1,22,12],"tags":[15,6,23,17],"class_list":["post-353","post","type-post","status-publish","format-standard","has-post-thumbnail","hentry","category-feldenkrais","category-uncategorized","category-gesundheit","category-gewohnheiten","tag-feldenkrais","tag-gedanken","tag-gesundheit","tag-gewohnheiten"],"yoast_head":"<!-- This site is optimized with the Yoast SEO plugin v26.5 - https:\/\/yoast.com\/wordpress\/plugins\/seo\/ -->\n<title>Alle Jahre wieder - Anne Barthelme\u00df<\/title>\n<meta name=\"robots\" content=\"index, follow, max-snippet:-1, max-image-preview:large, max-video-preview:-1\" \/>\n<link rel=\"canonical\" href=\"https:\/\/anne-barthelmess.de\/index.php\/2025\/08\/02\/alle_jahre_wieder\/\" \/>\n<meta property=\"og:locale\" content=\"de_DE\" \/>\n<meta property=\"og:type\" content=\"article\" \/>\n<meta property=\"og:title\" content=\"Alle Jahre wieder - Anne Barthelme\u00df\" \/>\n<meta property=\"og:url\" content=\"https:\/\/anne-barthelmess.de\/index.php\/2025\/08\/02\/alle_jahre_wieder\/\" \/>\n<meta property=\"og:site_name\" content=\"Anne Barthelme\u00df\" \/>\n<meta property=\"article:published_time\" content=\"2025-08-02T17:49:43+00:00\" \/>\n<meta property=\"og:image\" content=\"https:\/\/anne-barthelmess.de\/wp-content\/uploads\/2025\/07\/Feldenkrais-blog_6_2024-Alle-Jahre-wieder.jpeg\" \/>\n\t<meta property=\"og:image:width\" content=\"640\" \/>\n\t<meta property=\"og:image:height\" content=\"480\" \/>\n\t<meta property=\"og:image:type\" content=\"image\/jpeg\" \/>\n<meta name=\"author\" content=\"admin\" \/>\n<meta name=\"twitter:card\" content=\"summary_large_image\" \/>\n<meta name=\"twitter:label1\" content=\"Verfasst von\" \/>\n\t<meta name=\"twitter:data1\" content=\"admin\" \/>\n\t<meta name=\"twitter:label2\" content=\"Gesch\u00e4tzte Lesezeit\" \/>\n\t<meta name=\"twitter:data2\" content=\"9\u00a0Minuten\" \/>\n<script type=\"application\/ld+json\" class=\"yoast-schema-graph\">{\"@context\":\"https:\/\/schema.org\",\"@graph\":[{\"@type\":\"Article\",\"@id\":\"https:\/\/anne-barthelmess.de\/index.php\/2025\/08\/02\/alle_jahre_wieder\/#article\",\"isPartOf\":{\"@id\":\"https:\/\/anne-barthelmess.de\/index.php\/2025\/08\/02\/alle_jahre_wieder\/\"},\"author\":{\"name\":\"admin\",\"@id\":\"https:\/\/anne-barthelmess.de\/#\/schema\/person\/b0108bfd55dfd6a45f19d6755e1c76d5\"},\"headline\":\"Alle Jahre wieder\",\"datePublished\":\"2025-08-02T17:49:43+00:00\",\"mainEntityOfPage\":{\"@id\":\"https:\/\/anne-barthelmess.de\/index.php\/2025\/08\/02\/alle_jahre_wieder\/\"},\"wordCount\":1365,\"commentCount\":0,\"publisher\":{\"@id\":\"https:\/\/anne-barthelmess.de\/#\/schema\/person\/b0108bfd55dfd6a45f19d6755e1c76d5\"},\"image\":{\"@id\":\"https:\/\/anne-barthelmess.de\/index.php\/2025\/08\/02\/alle_jahre_wieder\/#primaryimage\"},\"thumbnailUrl\":\"https:\/\/anne-barthelmess.de\/wp-content\/uploads\/2025\/07\/Feldenkrais-blog_6_2024-Alle-Jahre-wieder.jpeg\",\"keywords\":[\"feldenkrais\",\"Gedanken\",\"gesundheit\",\"Gewohnheiten\"],\"articleSection\":[\"Feldenkrais\",\"Gedanken\",\"Gesundheit\",\"Gewohnheiten\"],\"inLanguage\":\"de\",\"potentialAction\":[{\"@type\":\"CommentAction\",\"name\":\"Comment\",\"target\":[\"https:\/\/anne-barthelmess.de\/index.php\/2025\/08\/02\/alle_jahre_wieder\/#respond\"]}]},{\"@type\":\"WebPage\",\"@id\":\"https:\/\/anne-barthelmess.de\/index.php\/2025\/08\/02\/alle_jahre_wieder\/\",\"url\":\"https:\/\/anne-barthelmess.de\/index.php\/2025\/08\/02\/alle_jahre_wieder\/\",\"name\":\"Alle Jahre wieder - Anne Barthelme\u00df\",\"isPartOf\":{\"@id\":\"https:\/\/anne-barthelmess.de\/#website\"},\"primaryImageOfPage\":{\"@id\":\"https:\/\/anne-barthelmess.de\/index.php\/2025\/08\/02\/alle_jahre_wieder\/#primaryimage\"},\"image\":{\"@id\":\"https:\/\/anne-barthelmess.de\/index.php\/2025\/08\/02\/alle_jahre_wieder\/#primaryimage\"},\"thumbnailUrl\":\"https:\/\/anne-barthelmess.de\/wp-content\/uploads\/2025\/07\/Feldenkrais-blog_6_2024-Alle-Jahre-wieder.jpeg\",\"datePublished\":\"2025-08-02T17:49:43+00:00\",\"breadcrumb\":{\"@id\":\"https:\/\/anne-barthelmess.de\/index.php\/2025\/08\/02\/alle_jahre_wieder\/#breadcrumb\"},\"inLanguage\":\"de\",\"potentialAction\":[{\"@type\":\"ReadAction\",\"target\":[\"https:\/\/anne-barthelmess.de\/index.php\/2025\/08\/02\/alle_jahre_wieder\/\"]}]},{\"@type\":\"ImageObject\",\"inLanguage\":\"de\",\"@id\":\"https:\/\/anne-barthelmess.de\/index.php\/2025\/08\/02\/alle_jahre_wieder\/#primaryimage\",\"url\":\"https:\/\/anne-barthelmess.de\/wp-content\/uploads\/2025\/07\/Feldenkrais-blog_6_2024-Alle-Jahre-wieder.jpeg\",\"contentUrl\":\"https:\/\/anne-barthelmess.de\/wp-content\/uploads\/2025\/07\/Feldenkrais-blog_6_2024-Alle-Jahre-wieder.jpeg\",\"width\":640,\"height\":480,\"caption\":\"Feldenkrais Blog - Alle Jahre wieder\"},{\"@type\":\"BreadcrumbList\",\"@id\":\"https:\/\/anne-barthelmess.de\/index.php\/2025\/08\/02\/alle_jahre_wieder\/#breadcrumb\",\"itemListElement\":[{\"@type\":\"ListItem\",\"position\":1,\"name\":\"Startseite\",\"item\":\"https:\/\/anne-barthelmess.de\/index.php\/startseite\/\"},{\"@type\":\"ListItem\",\"position\":2,\"name\":\"Alle Jahre wieder\"}]},{\"@type\":\"WebSite\",\"@id\":\"https:\/\/anne-barthelmess.de\/#website\",\"url\":\"https:\/\/anne-barthelmess.de\/\",\"name\":\"Anne Barthelme\u00df\",\"description\":\"Feldenkrais als Einzelstunde und Gruppenstunde in Berlin Charlottenburg\",\"publisher\":{\"@id\":\"https:\/\/anne-barthelmess.de\/#\/schema\/person\/b0108bfd55dfd6a45f19d6755e1c76d5\"},\"potentialAction\":[{\"@type\":\"SearchAction\",\"target\":{\"@type\":\"EntryPoint\",\"urlTemplate\":\"https:\/\/anne-barthelmess.de\/?s={search_term_string}\"},\"query-input\":{\"@type\":\"PropertyValueSpecification\",\"valueRequired\":true,\"valueName\":\"search_term_string\"}}],\"inLanguage\":\"de\"},{\"@type\":[\"Person\",\"Organization\"],\"@id\":\"https:\/\/anne-barthelmess.de\/#\/schema\/person\/b0108bfd55dfd6a45f19d6755e1c76d5\",\"name\":\"admin\",\"image\":{\"@type\":\"ImageObject\",\"inLanguage\":\"de\",\"@id\":\"https:\/\/anne-barthelmess.de\/#\/schema\/person\/image\/\",\"url\":\"https:\/\/anne-barthelmess.de\/wordpress\/wp-content\/uploads\/2025\/06\/cropped-anne_thumb.jpg\",\"contentUrl\":\"https:\/\/anne-barthelmess.de\/wordpress\/wp-content\/uploads\/2025\/06\/cropped-anne_thumb.jpg\",\"width\":67,\"height\":72,\"caption\":\"admin\"},\"logo\":{\"@id\":\"https:\/\/anne-barthelmess.de\/#\/schema\/person\/image\/\"},\"sameAs\":[\"https:\/\/anne-barthelmess.de\/wordpress\"],\"url\":\"https:\/\/anne-barthelmess.de\/index.php\/author\/anne_xpkuuzij\/\"}]}<\/script>\n<!-- \/ Yoast SEO plugin. -->","yoast_head_json":{"title":"Alle Jahre wieder - Anne Barthelme\u00df","robots":{"index":"index","follow":"follow","max-snippet":"max-snippet:-1","max-image-preview":"max-image-preview:large","max-video-preview":"max-video-preview:-1"},"canonical":"https:\/\/anne-barthelmess.de\/index.php\/2025\/08\/02\/alle_jahre_wieder\/","og_locale":"de_DE","og_type":"article","og_title":"Alle Jahre wieder - Anne Barthelme\u00df","og_url":"https:\/\/anne-barthelmess.de\/index.php\/2025\/08\/02\/alle_jahre_wieder\/","og_site_name":"Anne Barthelme\u00df","article_published_time":"2025-08-02T17:49:43+00:00","og_image":[{"width":640,"height":480,"url":"https:\/\/anne-barthelmess.de\/wp-content\/uploads\/2025\/07\/Feldenkrais-blog_6_2024-Alle-Jahre-wieder.jpeg","type":"image\/jpeg"}],"author":"admin","twitter_card":"summary_large_image","twitter_misc":{"Verfasst von":"admin","Gesch\u00e4tzte Lesezeit":"9\u00a0Minuten"},"schema":{"@context":"https:\/\/schema.org","@graph":[{"@type":"Article","@id":"https:\/\/anne-barthelmess.de\/index.php\/2025\/08\/02\/alle_jahre_wieder\/#article","isPartOf":{"@id":"https:\/\/anne-barthelmess.de\/index.php\/2025\/08\/02\/alle_jahre_wieder\/"},"author":{"name":"admin","@id":"https:\/\/anne-barthelmess.de\/#\/schema\/person\/b0108bfd55dfd6a45f19d6755e1c76d5"},"headline":"Alle Jahre wieder","datePublished":"2025-08-02T17:49:43+00:00","mainEntityOfPage":{"@id":"https:\/\/anne-barthelmess.de\/index.php\/2025\/08\/02\/alle_jahre_wieder\/"},"wordCount":1365,"commentCount":0,"publisher":{"@id":"https:\/\/anne-barthelmess.de\/#\/schema\/person\/b0108bfd55dfd6a45f19d6755e1c76d5"},"image":{"@id":"https:\/\/anne-barthelmess.de\/index.php\/2025\/08\/02\/alle_jahre_wieder\/#primaryimage"},"thumbnailUrl":"https:\/\/anne-barthelmess.de\/wp-content\/uploads\/2025\/07\/Feldenkrais-blog_6_2024-Alle-Jahre-wieder.jpeg","keywords":["feldenkrais","Gedanken","gesundheit","Gewohnheiten"],"articleSection":["Feldenkrais","Gedanken","Gesundheit","Gewohnheiten"],"inLanguage":"de","potentialAction":[{"@type":"CommentAction","name":"Comment","target":["https:\/\/anne-barthelmess.de\/index.php\/2025\/08\/02\/alle_jahre_wieder\/#respond"]}]},{"@type":"WebPage","@id":"https:\/\/anne-barthelmess.de\/index.php\/2025\/08\/02\/alle_jahre_wieder\/","url":"https:\/\/anne-barthelmess.de\/index.php\/2025\/08\/02\/alle_jahre_wieder\/","name":"Alle Jahre wieder - Anne Barthelme\u00df","isPartOf":{"@id":"https:\/\/anne-barthelmess.de\/#website"},"primaryImageOfPage":{"@id":"https:\/\/anne-barthelmess.de\/index.php\/2025\/08\/02\/alle_jahre_wieder\/#primaryimage"},"image":{"@id":"https:\/\/anne-barthelmess.de\/index.php\/2025\/08\/02\/alle_jahre_wieder\/#primaryimage"},"thumbnailUrl":"https:\/\/anne-barthelmess.de\/wp-content\/uploads\/2025\/07\/Feldenkrais-blog_6_2024-Alle-Jahre-wieder.jpeg","datePublished":"2025-08-02T17:49:43+00:00","breadcrumb":{"@id":"https:\/\/anne-barthelmess.de\/index.php\/2025\/08\/02\/alle_jahre_wieder\/#breadcrumb"},"inLanguage":"de","potentialAction":[{"@type":"ReadAction","target":["https:\/\/anne-barthelmess.de\/index.php\/2025\/08\/02\/alle_jahre_wieder\/"]}]},{"@type":"ImageObject","inLanguage":"de","@id":"https:\/\/anne-barthelmess.de\/index.php\/2025\/08\/02\/alle_jahre_wieder\/#primaryimage","url":"https:\/\/anne-barthelmess.de\/wp-content\/uploads\/2025\/07\/Feldenkrais-blog_6_2024-Alle-Jahre-wieder.jpeg","contentUrl":"https:\/\/anne-barthelmess.de\/wp-content\/uploads\/2025\/07\/Feldenkrais-blog_6_2024-Alle-Jahre-wieder.jpeg","width":640,"height":480,"caption":"Feldenkrais Blog - Alle Jahre wieder"},{"@type":"BreadcrumbList","@id":"https:\/\/anne-barthelmess.de\/index.php\/2025\/08\/02\/alle_jahre_wieder\/#breadcrumb","itemListElement":[{"@type":"ListItem","position":1,"name":"Startseite","item":"https:\/\/anne-barthelmess.de\/index.php\/startseite\/"},{"@type":"ListItem","position":2,"name":"Alle Jahre wieder"}]},{"@type":"WebSite","@id":"https:\/\/anne-barthelmess.de\/#website","url":"https:\/\/anne-barthelmess.de\/","name":"Anne Barthelme\u00df","description":"Feldenkrais als Einzelstunde und Gruppenstunde in Berlin Charlottenburg","publisher":{"@id":"https:\/\/anne-barthelmess.de\/#\/schema\/person\/b0108bfd55dfd6a45f19d6755e1c76d5"},"potentialAction":[{"@type":"SearchAction","target":{"@type":"EntryPoint","urlTemplate":"https:\/\/anne-barthelmess.de\/?s={search_term_string}"},"query-input":{"@type":"PropertyValueSpecification","valueRequired":true,"valueName":"search_term_string"}}],"inLanguage":"de"},{"@type":["Person","Organization"],"@id":"https:\/\/anne-barthelmess.de\/#\/schema\/person\/b0108bfd55dfd6a45f19d6755e1c76d5","name":"admin","image":{"@type":"ImageObject","inLanguage":"de","@id":"https:\/\/anne-barthelmess.de\/#\/schema\/person\/image\/","url":"https:\/\/anne-barthelmess.de\/wordpress\/wp-content\/uploads\/2025\/06\/cropped-anne_thumb.jpg","contentUrl":"https:\/\/anne-barthelmess.de\/wordpress\/wp-content\/uploads\/2025\/06\/cropped-anne_thumb.jpg","width":67,"height":72,"caption":"admin"},"logo":{"@id":"https:\/\/anne-barthelmess.de\/#\/schema\/person\/image\/"},"sameAs":["https:\/\/anne-barthelmess.de\/wordpress"],"url":"https:\/\/anne-barthelmess.de\/index.php\/author\/anne_xpkuuzij\/"}]}},"_links":{"self":[{"href":"https:\/\/anne-barthelmess.de\/index.php\/wp-json\/wp\/v2\/posts\/353","targetHints":{"allow":["GET"]}}],"collection":[{"href":"https:\/\/anne-barthelmess.de\/index.php\/wp-json\/wp\/v2\/posts"}],"about":[{"href":"https:\/\/anne-barthelmess.de\/index.php\/wp-json\/wp\/v2\/types\/post"}],"author":[{"embeddable":true,"href":"https:\/\/anne-barthelmess.de\/index.php\/wp-json\/wp\/v2\/users\/1"}],"replies":[{"embeddable":true,"href":"https:\/\/anne-barthelmess.de\/index.php\/wp-json\/wp\/v2\/comments?post=353"}],"version-history":[{"count":1,"href":"https:\/\/anne-barthelmess.de\/index.php\/wp-json\/wp\/v2\/posts\/353\/revisions"}],"predecessor-version":[{"id":354,"href":"https:\/\/anne-barthelmess.de\/index.php\/wp-json\/wp\/v2\/posts\/353\/revisions\/354"}],"wp:featuredmedia":[{"embeddable":true,"href":"https:\/\/anne-barthelmess.de\/index.php\/wp-json\/wp\/v2\/media\/301"}],"wp:attachment":[{"href":"https:\/\/anne-barthelmess.de\/index.php\/wp-json\/wp\/v2\/media?parent=353"}],"wp:term":[{"taxonomy":"category","embeddable":true,"href":"https:\/\/anne-barthelmess.de\/index.php\/wp-json\/wp\/v2\/categories?post=353"},{"taxonomy":"post_tag","embeddable":true,"href":"https:\/\/anne-barthelmess.de\/index.php\/wp-json\/wp\/v2\/tags?post=353"}],"curies":[{"name":"wp","href":"https:\/\/api.w.org\/{rel}","templated":true}]}}