{"id":366,"date":"2025-08-02T18:17:34","date_gmt":"2025-08-02T18:17:34","guid":{"rendered":"https:\/\/anne-barthelmess.de\/wordpress\/?p=366"},"modified":"2025-08-02T18:17:34","modified_gmt":"2025-08-02T18:17:34","slug":"was-man-manchmal-so-gefragt-wird","status":"publish","type":"post","link":"https:\/\/anne-barthelmess.de\/index.php\/2025\/08\/02\/was-man-manchmal-so-gefragt-wird\/","title":{"rendered":"Was man manchmal so gefragt wird"},"content":{"rendered":"<div  class='flex_column av-1mthq-a2ea3a2eb3ea81cd7da354cce7e323f9 av_one_third  avia-builder-el-0  el_before_av_two_third  avia-builder-el-first  first flex_column_div  '     ><style type=\"text\/css\" data-created_by=\"avia_inline_auto\" id=\"style-css-av-mdsq78fp-691f6fd36c2897373ce4edbe3430f00c\">\n.avia-image-container.av-mdsq78fp-691f6fd36c2897373ce4edbe3430f00c img.avia_image{\nbox-shadow:none;\n}\n.avia-image-container.av-mdsq78fp-691f6fd36c2897373ce4edbe3430f00c .av-image-caption-overlay-center{\ncolor:#ffffff;\n}\n<\/style>\n<div  class='avia-image-container av-mdsq78fp-691f6fd36c2897373ce4edbe3430f00c av-styling- avia-align-center  avia-builder-el-1  avia-builder-el-no-sibling '   itemprop=\"image\" itemscope=\"itemscope\" itemtype=\"https:\/\/schema.org\/ImageObject\" ><div class=\"avia-image-container-inner\"><div class=\"avia-image-overlay-wrap\"><img decoding=\"async\" fetchpriority=\"high\" class='wp-image-296 avia-img-lazy-loading-not-296 avia_image ' src=\"https:\/\/anne-barthelmess.de\/wp-content\/uploads\/2025\/07\/Feldenkrais-blog_4_2025-Was-man-manchmal-so-gefragt-wird.jpeg\" alt='Feldenkrais Blog - Was man manchmal so gefragt wird' title='Feldenkrais-blog_4_2025 - Was man manchmal so gefragt wird'  height=\"357\" width=\"640\"  itemprop=\"thumbnailUrl\" srcset=\"https:\/\/anne-barthelmess.de\/wp-content\/uploads\/2025\/07\/Feldenkrais-blog_4_2025-Was-man-manchmal-so-gefragt-wird.jpeg 640w, https:\/\/anne-barthelmess.de\/wp-content\/uploads\/2025\/07\/Feldenkrais-blog_4_2025-Was-man-manchmal-so-gefragt-wird-300x167.jpeg 300w\" sizes=\"(max-width: 640px) 100vw, 640px\" \/><\/div><\/div><\/div><\/div><div  class='flex_column av-151zi-662d9ba55c7a356d46f431feb114c6c4 av_two_third  avia-builder-el-2  el_after_av_one_third  avia-builder-el-last  flex_column_div  '     ><section  class='av_textblock_section av-md7av5kw-c0865d3869ad1166765f4af5b17364bb '   itemscope=\"itemscope\" itemtype=\"https:\/\/schema.org\/BlogPosting\" itemprop=\"blogPost\" ><div class='avia_textblock'  itemprop=\"text\" ><h1>Was man manchmal so gefragt wird<\/h1>\n<p><span style=\"font-size: 12pt;\">\u201eWas war das noch mal, an was ich mich immer nicht erinnern konnte?\u201c<\/span><\/p>\n<p><span style=\"font-size: 12pt;\">Fallen dir auch manchmal Namen oder Ereignisse nicht mehr ein?<\/span><br \/>\n<span style=\"font-size: 12pt;\">Vielleicht liegt das ja gar nicht immer an einem schwindenden Ged\u00e4chtnis sondern an der Flut der Informationen? Dauernd muss ich unterscheiden, welche ich davon wirklich ben\u00f6tige und die nicht Ben\u00f6tigten auch wieder loswerden, wie soll man das anstellen? Erstmal wahrgenommen, geistern sie in einem herum, bewusst und unbewusst. Welch eine F\u00fclle sich da ansammelt, vielleicht w\u00fcrde so eine Art Informations-Di\u00e4t oder -Schonkost helfen?\u00a0<\/span><br \/>\n<span style=\"font-size: 12pt;\">Auch verschiebt sich in meinem \u00c4lterwerden, was mir wichtig ist. Ich h\u00f6re noch genauso gerne zu wie fr\u00fcher, aber ich lausche dabei auf Anderes. Ein Datum oder Name ist mir manchmal nicht so wichtig, wie die Bedeutung, die ein Erlebnis f\u00fcr jemanden hatte, die L\u00f6sungen und Entwicklungen. Heute ist mir, als w\u00fcrde ich eher Bewegungen, Strukturen und Aufsichten wahrnehmen als einzelne Punkte.<\/span><br \/>\n<span style=\"font-size: 12pt;\">Ich w\u00fcnsche euch viele, sch\u00f6ne Gedanken.<\/span><\/p>\n<\/div><\/section><\/div><\/p>\n","protected":false},"excerpt":{"rendered":"","protected":false},"author":1,"featured_media":296,"comment_status":"open","ping_status":"open","sticky":false,"template":"","format":"standard","meta":{"footnotes":""},"categories":[8,1,22],"tags":[15,6,23],"class_list":["post-366","post","type-post","status-publish","format-standard","has-post-thumbnail","hentry","category-feldenkrais","category-uncategorized","category-gesundheit","tag-feldenkrais","tag-gedanken","tag-gesundheit"],"yoast_head":"<!-- This site is optimized with the Yoast SEO plugin v26.5 - https:\/\/yoast.com\/wordpress\/plugins\/seo\/ -->\n<title>Was man manchmal so gefragt wird - Anne Barthelme\u00df<\/title>\n<meta name=\"robots\" content=\"index, follow, max-snippet:-1, max-image-preview:large, max-video-preview:-1\" \/>\n<link rel=\"canonical\" href=\"https:\/\/anne-barthelmess.de\/index.php\/2025\/08\/02\/was-man-manchmal-so-gefragt-wird\/\" \/>\n<meta property=\"og:locale\" content=\"de_DE\" \/>\n<meta property=\"og:type\" content=\"article\" \/>\n<meta property=\"og:title\" content=\"Was man manchmal so gefragt wird - Anne Barthelme\u00df\" \/>\n<meta property=\"og:url\" content=\"https:\/\/anne-barthelmess.de\/index.php\/2025\/08\/02\/was-man-manchmal-so-gefragt-wird\/\" \/>\n<meta property=\"og:site_name\" content=\"Anne Barthelme\u00df\" \/>\n<meta property=\"article:published_time\" content=\"2025-08-02T18:17:34+00:00\" \/>\n<meta property=\"og:image\" content=\"https:\/\/anne-barthelmess.de\/wp-content\/uploads\/2025\/07\/Feldenkrais-blog_4_2025-Was-man-manchmal-so-gefragt-wird.jpeg\" \/>\n\t<meta property=\"og:image:width\" content=\"640\" \/>\n\t<meta property=\"og:image:height\" content=\"357\" \/>\n\t<meta property=\"og:image:type\" content=\"image\/jpeg\" \/>\n<meta name=\"author\" content=\"admin\" \/>\n<meta name=\"twitter:card\" content=\"summary_large_image\" \/>\n<meta name=\"twitter:label1\" content=\"Verfasst von\" \/>\n\t<meta name=\"twitter:data1\" content=\"admin\" \/>\n\t<meta name=\"twitter:label2\" content=\"Gesch\u00e4tzte Lesezeit\" \/>\n\t<meta name=\"twitter:data2\" content=\"8\u00a0Minuten\" \/>\n<script type=\"application\/ld+json\" class=\"yoast-schema-graph\">{\"@context\":\"https:\/\/schema.org\",\"@graph\":[{\"@type\":\"Article\",\"@id\":\"https:\/\/anne-barthelmess.de\/index.php\/2025\/08\/02\/was-man-manchmal-so-gefragt-wird\/#article\",\"isPartOf\":{\"@id\":\"https:\/\/anne-barthelmess.de\/index.php\/2025\/08\/02\/was-man-manchmal-so-gefragt-wird\/\"},\"author\":{\"name\":\"admin\",\"@id\":\"https:\/\/anne-barthelmess.de\/#\/schema\/person\/b0108bfd55dfd6a45f19d6755e1c76d5\"},\"headline\":\"Was man manchmal so gefragt wird\",\"datePublished\":\"2025-08-02T18:17:34+00:00\",\"mainEntityOfPage\":{\"@id\":\"https:\/\/anne-barthelmess.de\/index.php\/2025\/08\/02\/was-man-manchmal-so-gefragt-wird\/\"},\"wordCount\":1174,\"commentCount\":0,\"publisher\":{\"@id\":\"https:\/\/anne-barthelmess.de\/#\/schema\/person\/b0108bfd55dfd6a45f19d6755e1c76d5\"},\"image\":{\"@id\":\"https:\/\/anne-barthelmess.de\/index.php\/2025\/08\/02\/was-man-manchmal-so-gefragt-wird\/#primaryimage\"},\"thumbnailUrl\":\"https:\/\/anne-barthelmess.de\/wp-content\/uploads\/2025\/07\/Feldenkrais-blog_4_2025-Was-man-manchmal-so-gefragt-wird.jpeg\",\"keywords\":[\"feldenkrais\",\"Gedanken\",\"gesundheit\"],\"articleSection\":[\"Feldenkrais\",\"Gedanken\",\"Gesundheit\"],\"inLanguage\":\"de\",\"potentialAction\":[{\"@type\":\"CommentAction\",\"name\":\"Comment\",\"target\":[\"https:\/\/anne-barthelmess.de\/index.php\/2025\/08\/02\/was-man-manchmal-so-gefragt-wird\/#respond\"]}]},{\"@type\":\"WebPage\",\"@id\":\"https:\/\/anne-barthelmess.de\/index.php\/2025\/08\/02\/was-man-manchmal-so-gefragt-wird\/\",\"url\":\"https:\/\/anne-barthelmess.de\/index.php\/2025\/08\/02\/was-man-manchmal-so-gefragt-wird\/\",\"name\":\"Was man manchmal so gefragt wird - Anne Barthelme\u00df\",\"isPartOf\":{\"@id\":\"https:\/\/anne-barthelmess.de\/#website\"},\"primaryImageOfPage\":{\"@id\":\"https:\/\/anne-barthelmess.de\/index.php\/2025\/08\/02\/was-man-manchmal-so-gefragt-wird\/#primaryimage\"},\"image\":{\"@id\":\"https:\/\/anne-barthelmess.de\/index.php\/2025\/08\/02\/was-man-manchmal-so-gefragt-wird\/#primaryimage\"},\"thumbnailUrl\":\"https:\/\/anne-barthelmess.de\/wp-content\/uploads\/2025\/07\/Feldenkrais-blog_4_2025-Was-man-manchmal-so-gefragt-wird.jpeg\",\"datePublished\":\"2025-08-02T18:17:34+00:00\",\"breadcrumb\":{\"@id\":\"https:\/\/anne-barthelmess.de\/index.php\/2025\/08\/02\/was-man-manchmal-so-gefragt-wird\/#breadcrumb\"},\"inLanguage\":\"de\",\"potentialAction\":[{\"@type\":\"ReadAction\",\"target\":[\"https:\/\/anne-barthelmess.de\/index.php\/2025\/08\/02\/was-man-manchmal-so-gefragt-wird\/\"]}]},{\"@type\":\"ImageObject\",\"inLanguage\":\"de\",\"@id\":\"https:\/\/anne-barthelmess.de\/index.php\/2025\/08\/02\/was-man-manchmal-so-gefragt-wird\/#primaryimage\",\"url\":\"https:\/\/anne-barthelmess.de\/wp-content\/uploads\/2025\/07\/Feldenkrais-blog_4_2025-Was-man-manchmal-so-gefragt-wird.jpeg\",\"contentUrl\":\"https:\/\/anne-barthelmess.de\/wp-content\/uploads\/2025\/07\/Feldenkrais-blog_4_2025-Was-man-manchmal-so-gefragt-wird.jpeg\",\"width\":640,\"height\":357,\"caption\":\"Feldenkrais Blog - Was man manchmal so gefragt wird\"},{\"@type\":\"BreadcrumbList\",\"@id\":\"https:\/\/anne-barthelmess.de\/index.php\/2025\/08\/02\/was-man-manchmal-so-gefragt-wird\/#breadcrumb\",\"itemListElement\":[{\"@type\":\"ListItem\",\"position\":1,\"name\":\"Startseite\",\"item\":\"https:\/\/anne-barthelmess.de\/index.php\/startseite\/\"},{\"@type\":\"ListItem\",\"position\":2,\"name\":\"Was man manchmal so gefragt wird\"}]},{\"@type\":\"WebSite\",\"@id\":\"https:\/\/anne-barthelmess.de\/#website\",\"url\":\"https:\/\/anne-barthelmess.de\/\",\"name\":\"Anne Barthelme\u00df\",\"description\":\"Feldenkrais als Einzelstunde und Gruppenstunde in Berlin Charlottenburg\",\"publisher\":{\"@id\":\"https:\/\/anne-barthelmess.de\/#\/schema\/person\/b0108bfd55dfd6a45f19d6755e1c76d5\"},\"potentialAction\":[{\"@type\":\"SearchAction\",\"target\":{\"@type\":\"EntryPoint\",\"urlTemplate\":\"https:\/\/anne-barthelmess.de\/?s={search_term_string}\"},\"query-input\":{\"@type\":\"PropertyValueSpecification\",\"valueRequired\":true,\"valueName\":\"search_term_string\"}}],\"inLanguage\":\"de\"},{\"@type\":[\"Person\",\"Organization\"],\"@id\":\"https:\/\/anne-barthelmess.de\/#\/schema\/person\/b0108bfd55dfd6a45f19d6755e1c76d5\",\"name\":\"admin\",\"image\":{\"@type\":\"ImageObject\",\"inLanguage\":\"de\",\"@id\":\"https:\/\/anne-barthelmess.de\/#\/schema\/person\/image\/\",\"url\":\"https:\/\/anne-barthelmess.de\/wordpress\/wp-content\/uploads\/2025\/06\/cropped-anne_thumb.jpg\",\"contentUrl\":\"https:\/\/anne-barthelmess.de\/wordpress\/wp-content\/uploads\/2025\/06\/cropped-anne_thumb.jpg\",\"width\":67,\"height\":72,\"caption\":\"admin\"},\"logo\":{\"@id\":\"https:\/\/anne-barthelmess.de\/#\/schema\/person\/image\/\"},\"sameAs\":[\"https:\/\/anne-barthelmess.de\/wordpress\"],\"url\":\"https:\/\/anne-barthelmess.de\/index.php\/author\/anne_xpkuuzij\/\"}]}<\/script>\n<!-- \/ Yoast SEO plugin. -->","yoast_head_json":{"title":"Was man manchmal so gefragt wird - Anne Barthelme\u00df","robots":{"index":"index","follow":"follow","max-snippet":"max-snippet:-1","max-image-preview":"max-image-preview:large","max-video-preview":"max-video-preview:-1"},"canonical":"https:\/\/anne-barthelmess.de\/index.php\/2025\/08\/02\/was-man-manchmal-so-gefragt-wird\/","og_locale":"de_DE","og_type":"article","og_title":"Was man manchmal so gefragt wird - Anne Barthelme\u00df","og_url":"https:\/\/anne-barthelmess.de\/index.php\/2025\/08\/02\/was-man-manchmal-so-gefragt-wird\/","og_site_name":"Anne Barthelme\u00df","article_published_time":"2025-08-02T18:17:34+00:00","og_image":[{"width":640,"height":357,"url":"https:\/\/anne-barthelmess.de\/wp-content\/uploads\/2025\/07\/Feldenkrais-blog_4_2025-Was-man-manchmal-so-gefragt-wird.jpeg","type":"image\/jpeg"}],"author":"admin","twitter_card":"summary_large_image","twitter_misc":{"Verfasst von":"admin","Gesch\u00e4tzte Lesezeit":"8\u00a0Minuten"},"schema":{"@context":"https:\/\/schema.org","@graph":[{"@type":"Article","@id":"https:\/\/anne-barthelmess.de\/index.php\/2025\/08\/02\/was-man-manchmal-so-gefragt-wird\/#article","isPartOf":{"@id":"https:\/\/anne-barthelmess.de\/index.php\/2025\/08\/02\/was-man-manchmal-so-gefragt-wird\/"},"author":{"name":"admin","@id":"https:\/\/anne-barthelmess.de\/#\/schema\/person\/b0108bfd55dfd6a45f19d6755e1c76d5"},"headline":"Was man manchmal so gefragt wird","datePublished":"2025-08-02T18:17:34+00:00","mainEntityOfPage":{"@id":"https:\/\/anne-barthelmess.de\/index.php\/2025\/08\/02\/was-man-manchmal-so-gefragt-wird\/"},"wordCount":1174,"commentCount":0,"publisher":{"@id":"https:\/\/anne-barthelmess.de\/#\/schema\/person\/b0108bfd55dfd6a45f19d6755e1c76d5"},"image":{"@id":"https:\/\/anne-barthelmess.de\/index.php\/2025\/08\/02\/was-man-manchmal-so-gefragt-wird\/#primaryimage"},"thumbnailUrl":"https:\/\/anne-barthelmess.de\/wp-content\/uploads\/2025\/07\/Feldenkrais-blog_4_2025-Was-man-manchmal-so-gefragt-wird.jpeg","keywords":["feldenkrais","Gedanken","gesundheit"],"articleSection":["Feldenkrais","Gedanken","Gesundheit"],"inLanguage":"de","potentialAction":[{"@type":"CommentAction","name":"Comment","target":["https:\/\/anne-barthelmess.de\/index.php\/2025\/08\/02\/was-man-manchmal-so-gefragt-wird\/#respond"]}]},{"@type":"WebPage","@id":"https:\/\/anne-barthelmess.de\/index.php\/2025\/08\/02\/was-man-manchmal-so-gefragt-wird\/","url":"https:\/\/anne-barthelmess.de\/index.php\/2025\/08\/02\/was-man-manchmal-so-gefragt-wird\/","name":"Was man manchmal so gefragt wird - Anne Barthelme\u00df","isPartOf":{"@id":"https:\/\/anne-barthelmess.de\/#website"},"primaryImageOfPage":{"@id":"https:\/\/anne-barthelmess.de\/index.php\/2025\/08\/02\/was-man-manchmal-so-gefragt-wird\/#primaryimage"},"image":{"@id":"https:\/\/anne-barthelmess.de\/index.php\/2025\/08\/02\/was-man-manchmal-so-gefragt-wird\/#primaryimage"},"thumbnailUrl":"https:\/\/anne-barthelmess.de\/wp-content\/uploads\/2025\/07\/Feldenkrais-blog_4_2025-Was-man-manchmal-so-gefragt-wird.jpeg","datePublished":"2025-08-02T18:17:34+00:00","breadcrumb":{"@id":"https:\/\/anne-barthelmess.de\/index.php\/2025\/08\/02\/was-man-manchmal-so-gefragt-wird\/#breadcrumb"},"inLanguage":"de","potentialAction":[{"@type":"ReadAction","target":["https:\/\/anne-barthelmess.de\/index.php\/2025\/08\/02\/was-man-manchmal-so-gefragt-wird\/"]}]},{"@type":"ImageObject","inLanguage":"de","@id":"https:\/\/anne-barthelmess.de\/index.php\/2025\/08\/02\/was-man-manchmal-so-gefragt-wird\/#primaryimage","url":"https:\/\/anne-barthelmess.de\/wp-content\/uploads\/2025\/07\/Feldenkrais-blog_4_2025-Was-man-manchmal-so-gefragt-wird.jpeg","contentUrl":"https:\/\/anne-barthelmess.de\/wp-content\/uploads\/2025\/07\/Feldenkrais-blog_4_2025-Was-man-manchmal-so-gefragt-wird.jpeg","width":640,"height":357,"caption":"Feldenkrais Blog - Was man manchmal so gefragt wird"},{"@type":"BreadcrumbList","@id":"https:\/\/anne-barthelmess.de\/index.php\/2025\/08\/02\/was-man-manchmal-so-gefragt-wird\/#breadcrumb","itemListElement":[{"@type":"ListItem","position":1,"name":"Startseite","item":"https:\/\/anne-barthelmess.de\/index.php\/startseite\/"},{"@type":"ListItem","position":2,"name":"Was man manchmal so gefragt wird"}]},{"@type":"WebSite","@id":"https:\/\/anne-barthelmess.de\/#website","url":"https:\/\/anne-barthelmess.de\/","name":"Anne Barthelme\u00df","description":"Feldenkrais als Einzelstunde und Gruppenstunde in Berlin Charlottenburg","publisher":{"@id":"https:\/\/anne-barthelmess.de\/#\/schema\/person\/b0108bfd55dfd6a45f19d6755e1c76d5"},"potentialAction":[{"@type":"SearchAction","target":{"@type":"EntryPoint","urlTemplate":"https:\/\/anne-barthelmess.de\/?s={search_term_string}"},"query-input":{"@type":"PropertyValueSpecification","valueRequired":true,"valueName":"search_term_string"}}],"inLanguage":"de"},{"@type":["Person","Organization"],"@id":"https:\/\/anne-barthelmess.de\/#\/schema\/person\/b0108bfd55dfd6a45f19d6755e1c76d5","name":"admin","image":{"@type":"ImageObject","inLanguage":"de","@id":"https:\/\/anne-barthelmess.de\/#\/schema\/person\/image\/","url":"https:\/\/anne-barthelmess.de\/wordpress\/wp-content\/uploads\/2025\/06\/cropped-anne_thumb.jpg","contentUrl":"https:\/\/anne-barthelmess.de\/wordpress\/wp-content\/uploads\/2025\/06\/cropped-anne_thumb.jpg","width":67,"height":72,"caption":"admin"},"logo":{"@id":"https:\/\/anne-barthelmess.de\/#\/schema\/person\/image\/"},"sameAs":["https:\/\/anne-barthelmess.de\/wordpress"],"url":"https:\/\/anne-barthelmess.de\/index.php\/author\/anne_xpkuuzij\/"}]}},"_links":{"self":[{"href":"https:\/\/anne-barthelmess.de\/index.php\/wp-json\/wp\/v2\/posts\/366","targetHints":{"allow":["GET"]}}],"collection":[{"href":"https:\/\/anne-barthelmess.de\/index.php\/wp-json\/wp\/v2\/posts"}],"about":[{"href":"https:\/\/anne-barthelmess.de\/index.php\/wp-json\/wp\/v2\/types\/post"}],"author":[{"embeddable":true,"href":"https:\/\/anne-barthelmess.de\/index.php\/wp-json\/wp\/v2\/users\/1"}],"replies":[{"embeddable":true,"href":"https:\/\/anne-barthelmess.de\/index.php\/wp-json\/wp\/v2\/comments?post=366"}],"version-history":[{"count":1,"href":"https:\/\/anne-barthelmess.de\/index.php\/wp-json\/wp\/v2\/posts\/366\/revisions"}],"predecessor-version":[{"id":367,"href":"https:\/\/anne-barthelmess.de\/index.php\/wp-json\/wp\/v2\/posts\/366\/revisions\/367"}],"wp:featuredmedia":[{"embeddable":true,"href":"https:\/\/anne-barthelmess.de\/index.php\/wp-json\/wp\/v2\/media\/296"}],"wp:attachment":[{"href":"https:\/\/anne-barthelmess.de\/index.php\/wp-json\/wp\/v2\/media?parent=366"}],"wp:term":[{"taxonomy":"category","embeddable":true,"href":"https:\/\/anne-barthelmess.de\/index.php\/wp-json\/wp\/v2\/categories?post=366"},{"taxonomy":"post_tag","embeddable":true,"href":"https:\/\/anne-barthelmess.de\/index.php\/wp-json\/wp\/v2\/tags?post=366"}],"curies":[{"name":"wp","href":"https:\/\/api.w.org\/{rel}","templated":true}]}}